{"id":145385,"date":"2025-11-27T20:02:01","date_gmt":"2025-11-27T23:02:01","guid":{"rendered":"https:\/\/eldiariodesanpedro.com.ar\/sitio\/?p=145385"},"modified":"2026-01-24T00:46:49","modified_gmt":"2026-01-24T03:46:49","slug":"fallecio-rosa-carolina-luis-de-85-anos","status":"publish","type":"post","link":"https:\/\/eldiariodesanpedro.com.ar\/sitio\/fallecio-rosa-carolina-luis-de-85-anos\/","title":{"rendered":"Falleci\u00f3 Rosa Carolina Luis, de 85 a\u00f1os"},"content":{"rendered":"<!-- VideographyWP Plugin Message: Automatic video embedding prevented by plugin options. -->\n\n<p>La comunidad despide a <strong>Rosa Carolina Luis, de 85 a\u00f1os<\/strong>, cuyo velatorio se realiza en la Sala N\u00b0 3 y cuyo servicio finaliza este viernes a las 10.<\/p>\n\n\n\n<p>La comunidad de San Pedro lamenta el fallecimiento de <strong>Rosa Carolina Luis, de 85 a\u00f1os<\/strong>, cuyo deceso se inform\u00f3 en las \u00faltimas horas.<\/p>\n\n\n\n<p>El velatorio se lleva a cabo en la <strong>Sala N\u00b0 3<\/strong>, ubicada en <strong>3 de Febrero 1475<\/strong>, donde familiares y seres queridos pueden despedirla. El <strong>servicio permanecer\u00e1 habilitado hasta las 10:00 horas del viernes 28 de noviembre de 2025<\/strong>.<\/p>\n\n\n\n<p>El acompa\u00f1amiento y la organizaci\u00f3n del servicio est\u00e1n a cargo de <strong>COOPSER Servicios Sociales<\/strong>, como es habitual ante este tipo de situaciones.<\/p>\n","protected":false},"excerpt":{"rendered":"<p>La comunidad despide a Rosa Carolina Luis, de 85 a\u00f1os, cuyo velatorio se realiza en la Sala N\u00b0 3 y cuyo servicio finaliza este viernes a las 10. La comunidad de San Pedro lamenta el fallecimiento de Rosa Carolina Luis, de 85 a\u00f1os, cuyo deceso se inform\u00f3 en las \u00faltimas horas. El velatorio se lleva [&hellip;]<\/p>\n","protected":false},"author":4,"featured_media":113757,"comment_status":"closed","ping_status":"closed","sticky":false,"template":"","format":"standard","meta":{"om_disable_all_campaigns":false,"_jetpack_memberships_contains_paid_content":false,"footnotes":""},"categories":[8424],"tags":[7534],"class_list":["post-145385","post","type-post","status-publish","format-standard","has-post-thumbnail","hentry","category-necrologicas","tag-rosa-carolina-luis"],"aioseo_notices":[],"gutentor_comment":0,"jetpack_featured_media_url":"https:\/\/eldiariodesanpedro.com.ar\/sitio\/wp-content\/uploads\/2023\/01\/necrologicas.jpg","jetpack_shortlink":"https:\/\/wp.me\/p6RhLt-BOV","jetpack_sharing_enabled":true,"_links":{"self":[{"href":"https:\/\/eldiariodesanpedro.com.ar\/sitio\/wp-json\/wp\/v2\/posts\/145385","targetHints":{"allow":["GET"]}}],"collection":[{"href":"https:\/\/eldiariodesanpedro.com.ar\/sitio\/wp-json\/wp\/v2\/posts"}],"about":[{"href":"https:\/\/eldiariodesanpedro.com.ar\/sitio\/wp-json\/wp\/v2\/types\/post"}],"author":[{"embeddable":true,"href":"https:\/\/eldiariodesanpedro.com.ar\/sitio\/wp-json\/wp\/v2\/users\/4"}],"replies":[{"embeddable":true,"href":"https:\/\/eldiariodesanpedro.com.ar\/sitio\/wp-json\/wp\/v2\/comments?post=145385"}],"version-history":[{"count":1,"href":"https:\/\/eldiariodesanpedro.com.ar\/sitio\/wp-json\/wp\/v2\/posts\/145385\/revisions"}],"predecessor-version":[{"id":145386,"href":"https:\/\/eldiariodesanpedro.com.ar\/sitio\/wp-json\/wp\/v2\/posts\/145385\/revisions\/145386"}],"wp:featuredmedia":[{"embeddable":true,"href":"https:\/\/eldiariodesanpedro.com.ar\/sitio\/wp-json\/wp\/v2\/media\/113757"}],"wp:attachment":[{"href":"https:\/\/eldiariodesanpedro.com.ar\/sitio\/wp-json\/wp\/v2\/media?parent=145385"}],"wp:term":[{"taxonomy":"category","embeddable":true,"href":"https:\/\/eldiariodesanpedro.com.ar\/sitio\/wp-json\/wp\/v2\/categories?post=145385"},{"taxonomy":"post_tag","embeddable":true,"href":"https:\/\/eldiariodesanpedro.com.ar\/sitio\/wp-json\/wp\/v2\/tags?post=145385"}],"curies":[{"name":"wp","href":"https:\/\/api.w.org\/{rel}","templated":true}]}}