{"id":145383,"date":"2025-11-27T19:55:48","date_gmt":"2025-11-27T22:55:48","guid":{"rendered":"https:\/\/eldiariodesanpedro.com.ar\/sitio\/?p=145383"},"modified":"2026-01-24T00:46:50","modified_gmt":"2026-01-24T03:46:50","slug":"fallecio-paulina-teresa-grondona-a-los-87-anos","status":"publish","type":"post","link":"https:\/\/eldiariodesanpedro.com.ar\/sitio\/fallecio-paulina-teresa-grondona-a-los-87-anos\/","title":{"rendered":"Falleci\u00f3 Paulina Teresa Grondona, a los 87 a\u00f1os"},"content":{"rendered":"<!-- VideographyWP Plugin Message: Automatic video embedding prevented by plugin options. -->\n\n<p>Falleci\u00f3 <strong>Paulina Teresa Grondona<\/strong>, de 87 a\u00f1os. El servicio velatorio se realiza en <strong>Sala N\u00ba4<\/strong> con acompa\u00f1amiento de <strong>COOPSER Servicios Sociales<\/strong>.<\/p>\n\n\n\n<p><strong>Falleci\u00f3 Paulina Teresa Grondona, de 87 a\u00f1os<\/strong>, quien es despedida por familiares y seres queridos en un marco de profundo pesar.<\/p>\n\n\n\n<p>El servicio velatorio se lleva a cabo en la <strong>Sala N\u00ba4 de San Pedro<\/strong>, ubicada en <strong>3 de Febrero 1475<\/strong>, con acompa\u00f1amiento de <strong>COOPSER Servicios Sociales<\/strong>.<br>El servicio permanecer\u00e1 habilitado <strong>hasta las 09:00 horas del 27 de noviembre de 2025<\/strong>.<\/p>\n\n\n\n<p>Desde este medio acompa\u00f1amos a su familia en este dif\u00edcil momento, expresando nuestras condolencias y respeto.<\/p>\n\n\n\n<p>#Fallecimiento #Obituario #SanPedro #ServiciosSociales #COOPSER<\/p>\n","protected":false},"excerpt":{"rendered":"<p>Falleci\u00f3 Paulina Teresa Grondona, de 87 a\u00f1os. El servicio velatorio se realiza en Sala N\u00ba4 con acompa\u00f1amiento de COOPSER Servicios Sociales. Falleci\u00f3 Paulina Teresa Grondona, de 87 a\u00f1os, quien es despedida por familiares y seres queridos en un marco de profundo pesar. El servicio velatorio se lleva a cabo en la Sala N\u00ba4 de San [&hellip;]<\/p>\n","protected":false},"author":4,"featured_media":113757,"comment_status":"closed","ping_status":"closed","sticky":false,"template":"","format":"standard","meta":{"om_disable_all_campaigns":false,"_jetpack_memberships_contains_paid_content":false,"footnotes":""},"categories":[8424],"tags":[7397,7533,5112],"class_list":["post-145383","post","type-post","status-publish","format-standard","has-post-thumbnail","hentry","category-necrologicas","tag-coopsers-servicios-sociales","tag-fallecio-paulina-teresa-grondona","tag-obituario-san-pedro"],"aioseo_notices":[],"gutentor_comment":0,"jetpack_featured_media_url":"https:\/\/eldiariodesanpedro.com.ar\/sitio\/wp-content\/uploads\/2023\/01\/necrologicas.jpg","jetpack_shortlink":"https:\/\/wp.me\/p6RhLt-BOT","jetpack_sharing_enabled":true,"_links":{"self":[{"href":"https:\/\/eldiariodesanpedro.com.ar\/sitio\/wp-json\/wp\/v2\/posts\/145383","targetHints":{"allow":["GET"]}}],"collection":[{"href":"https:\/\/eldiariodesanpedro.com.ar\/sitio\/wp-json\/wp\/v2\/posts"}],"about":[{"href":"https:\/\/eldiariodesanpedro.com.ar\/sitio\/wp-json\/wp\/v2\/types\/post"}],"author":[{"embeddable":true,"href":"https:\/\/eldiariodesanpedro.com.ar\/sitio\/wp-json\/wp\/v2\/users\/4"}],"replies":[{"embeddable":true,"href":"https:\/\/eldiariodesanpedro.com.ar\/sitio\/wp-json\/wp\/v2\/comments?post=145383"}],"version-history":[{"count":1,"href":"https:\/\/eldiariodesanpedro.com.ar\/sitio\/wp-json\/wp\/v2\/posts\/145383\/revisions"}],"predecessor-version":[{"id":145384,"href":"https:\/\/eldiariodesanpedro.com.ar\/sitio\/wp-json\/wp\/v2\/posts\/145383\/revisions\/145384"}],"wp:featuredmedia":[{"embeddable":true,"href":"https:\/\/eldiariodesanpedro.com.ar\/sitio\/wp-json\/wp\/v2\/media\/113757"}],"wp:attachment":[{"href":"https:\/\/eldiariodesanpedro.com.ar\/sitio\/wp-json\/wp\/v2\/media?parent=145383"}],"wp:term":[{"taxonomy":"category","embeddable":true,"href":"https:\/\/eldiariodesanpedro.com.ar\/sitio\/wp-json\/wp\/v2\/categories?post=145383"},{"taxonomy":"post_tag","embeddable":true,"href":"https:\/\/eldiariodesanpedro.com.ar\/sitio\/wp-json\/wp\/v2\/tags?post=145383"}],"curies":[{"name":"wp","href":"https:\/\/api.w.org\/{rel}","templated":true}]}}