{"id":145327,"date":"2025-11-18T20:08:21","date_gmt":"2025-11-18T23:08:21","guid":{"rendered":"https:\/\/eldiariodesanpedro.com.ar\/sitio\/?p=145327"},"modified":"2025-11-18T20:08:26","modified_gmt":"2025-11-18T23:08:26","slug":"el-intendente-cecilio-salazar-recibio-a-estudiantes-de-vuelta-de-obligado-que-presentaron-un-proyecto-turistico","status":"publish","type":"post","link":"https:\/\/eldiariodesanpedro.com.ar\/sitio\/el-intendente-cecilio-salazar-recibio-a-estudiantes-de-vuelta-de-obligado-que-presentaron-un-proyecto-turistico\/","title":{"rendered":"El intendente Cecilio Salazar recibi\u00f3 a estudiantes de Vuelta de Obligado que presentaron un proyecto tur\u00edstico"},"content":{"rendered":"<!-- VideographyWP Plugin Message: Automatic video embedding prevented by plugin options. -->\n\n<p>Estudiantes de Vuelta de Obligado presentaron al intendente Cecilio Salazar un proyecto tur\u00edstico inclusivo que propone mejorar la accesibilidad en espacios naturales y patrimoniales.<\/p>\n\n\n\n<p>El Intendente <strong>Cecilio Salazar<\/strong> recibi\u00f3 en su despacho a estudiantes de sexto a\u00f1o del Anexo 2050 de la Escuela Secundaria N.\u00ba 5 de <strong>Vuelta de Obligado<\/strong>, quienes presentaron un proyecto tur\u00edstico elaborado durante el a\u00f1o en el marco de sus materias pr\u00e1cticas y de proyecto.<\/p>\n\n\n\n<p>Acompa\u00f1ados por los docentes <strong>Marisol Raviola<\/strong> y <strong>Juan Grevisse<\/strong>, los alumnos <strong>Jimena, Alison, Kevin y Joaqu\u00edn<\/strong> compartieron con el Intendente y con el Director de Turismo, <strong>Ignacio Duzac<\/strong>, una charla sobre el proceso de trabajo, las ideas surgidas en el aula y la mirada que los llev\u00f3 a dise\u00f1ar esta propuesta.<\/p>\n\n\n\n<p>El proyecto, denominado <strong>\u201cHuellas Accesibles\u201d<\/strong>, propone que los espacios naturales y patrimoniales de Vuelta de Obligado \u2014disfrutados diariamente por los vecinos\u2014 puedan ser tambi\u00e9n recorridos por <strong>personas con movilidad reducida<\/strong>, fomentando un entorno m\u00e1s inclusivo y accesible. Los estudiantes destacaron que el objetivo es <strong>valorar su propio territorio<\/strong>, identificar necesidades reales y aportar soluciones desde la perspectiva de quienes viven cotidianamente en ese entorno.<\/p>\n\n\n\n<p>Durante el encuentro, el Intendente Salazar y el Director Duzac expresaron su <strong>gratitud por la iniciativa<\/strong>, resaltando la creatividad, el compromiso y la decisi\u00f3n de los j\u00f3venes de acercar una propuesta que pone en foco la <strong>identidad local<\/strong> y la mejora del espacio p\u00fablico. Adem\u00e1s, se comprometieron a <strong>analizar el proyecto<\/strong> y acompa\u00f1ar su desarrollo en la medida de lo posible.<\/p>\n\n\n\n<p>Salazar subray\u00f3 el <strong>compromiso de la comunidad educativa de Vuelta de Obligado<\/strong> y la importancia de generar espacios donde los j\u00f3venes puedan presentar ideas, expresar inquietudes y aportar miradas que fortalezcan el desarrollo tur\u00edstico y la accesibilidad en el partido.<\/p>\n\n\n\n<div class=\"wp-block-jetpack-slideshow aligncenter\" data-effect=\"slide\"><div class=\"wp-block-jetpack-slideshow_container swiper-container\"><ul class=\"wp-block-jetpack-slideshow_swiper-wrapper swiper-wrapper\"><li class=\"wp-block-jetpack-slideshow_slide swiper-slide\"><figure><img decoding=\"async\" width=\"946\" height=\"630\" alt=\"\" class=\"wp-block-jetpack-slideshow_image wp-image-145332 lazyload\" data-id=\"145332\" data-src=\"https:\/\/eldiariodesanpedro.com.ar\/sitio\/wp-content\/uploads\/2025\/11\/Imagen-de-WhatsApp-2025-11-18-a-las-13.30.12_ccc883b5.jpg\" data-srcset=\"https:\/\/eldiariodesanpedro.com.ar\/sitio\/wp-content\/uploads\/2025\/11\/Imagen-de-WhatsApp-2025-11-18-a-las-13.30.12_ccc883b5.jpg 946w, https:\/\/eldiariodesanpedro.com.ar\/sitio\/wp-content\/uploads\/2025\/11\/Imagen-de-WhatsApp-2025-11-18-a-las-13.30.12_ccc883b5-300x200.jpg 300w, https:\/\/eldiariodesanpedro.com.ar\/sitio\/wp-content\/uploads\/2025\/11\/Imagen-de-WhatsApp-2025-11-18-a-las-13.30.12_ccc883b5-768x511.jpg 768w\" data-sizes=\"(max-width: 946px) 100vw, 946px\" src=\"data:image\/svg+xml;base64,PHN2ZyB3aWR0aD0iMSIgaGVpZ2h0PSIxIiB4bWxucz0iaHR0cDovL3d3dy53My5vcmcvMjAwMC9zdmciPjwvc3ZnPg==\" style=\"--smush-placeholder-width: 946px; --smush-placeholder-aspect-ratio: 946\/630;\" \/><\/figure><\/li><li class=\"wp-block-jetpack-slideshow_slide swiper-slide\"><figure><img decoding=\"async\" width=\"946\" height=\"630\" alt=\"\" class=\"wp-block-jetpack-slideshow_image wp-image-145331 lazyload\" data-id=\"145331\" data-src=\"https:\/\/eldiariodesanpedro.com.ar\/sitio\/wp-content\/uploads\/2025\/11\/Imagen-de-WhatsApp-2025-11-18-a-las-13.30.11_f7d6db85.jpg\" data-srcset=\"https:\/\/eldiariodesanpedro.com.ar\/sitio\/wp-content\/uploads\/2025\/11\/Imagen-de-WhatsApp-2025-11-18-a-las-13.30.11_f7d6db85.jpg 946w, https:\/\/eldiariodesanpedro.com.ar\/sitio\/wp-content\/uploads\/2025\/11\/Imagen-de-WhatsApp-2025-11-18-a-las-13.30.11_f7d6db85-300x200.jpg 300w, https:\/\/eldiariodesanpedro.com.ar\/sitio\/wp-content\/uploads\/2025\/11\/Imagen-de-WhatsApp-2025-11-18-a-las-13.30.11_f7d6db85-768x511.jpg 768w\" data-sizes=\"(max-width: 946px) 100vw, 946px\" src=\"data:image\/svg+xml;base64,PHN2ZyB3aWR0aD0iMSIgaGVpZ2h0PSIxIiB4bWxucz0iaHR0cDovL3d3dy53My5vcmcvMjAwMC9zdmciPjwvc3ZnPg==\" style=\"--smush-placeholder-width: 946px; --smush-placeholder-aspect-ratio: 946\/630;\" \/><\/figure><\/li><li class=\"wp-block-jetpack-slideshow_slide swiper-slide\"><figure><img decoding=\"async\" width=\"946\" height=\"630\" alt=\"\" class=\"wp-block-jetpack-slideshow_image wp-image-145330 lazyload\" data-id=\"145330\" data-src=\"https:\/\/eldiariodesanpedro.com.ar\/sitio\/wp-content\/uploads\/2025\/11\/Imagen-de-WhatsApp-2025-11-18-a-las-13.30.11_4277af56.jpg\" data-srcset=\"https:\/\/eldiariodesanpedro.com.ar\/sitio\/wp-content\/uploads\/2025\/11\/Imagen-de-WhatsApp-2025-11-18-a-las-13.30.11_4277af56.jpg 946w, https:\/\/eldiariodesanpedro.com.ar\/sitio\/wp-content\/uploads\/2025\/11\/Imagen-de-WhatsApp-2025-11-18-a-las-13.30.11_4277af56-300x200.jpg 300w, https:\/\/eldiariodesanpedro.com.ar\/sitio\/wp-content\/uploads\/2025\/11\/Imagen-de-WhatsApp-2025-11-18-a-las-13.30.11_4277af56-768x511.jpg 768w\" data-sizes=\"(max-width: 946px) 100vw, 946px\" src=\"data:image\/svg+xml;base64,PHN2ZyB3aWR0aD0iMSIgaGVpZ2h0PSIxIiB4bWxucz0iaHR0cDovL3d3dy53My5vcmcvMjAwMC9zdmciPjwvc3ZnPg==\" style=\"--smush-placeholder-width: 946px; --smush-placeholder-aspect-ratio: 946\/630;\" \/><\/figure><\/li><li class=\"wp-block-jetpack-slideshow_slide swiper-slide\"><figure><img decoding=\"async\" width=\"946\" height=\"630\" alt=\"\" class=\"wp-block-jetpack-slideshow_image wp-image-145329 lazyload\" data-id=\"145329\" data-src=\"https:\/\/eldiariodesanpedro.com.ar\/sitio\/wp-content\/uploads\/2025\/11\/Imagen-de-WhatsApp-2025-11-18-a-las-13.30.11_2ee09f18.jpg\" data-srcset=\"https:\/\/eldiariodesanpedro.com.ar\/sitio\/wp-content\/uploads\/2025\/11\/Imagen-de-WhatsApp-2025-11-18-a-las-13.30.11_2ee09f18.jpg 946w, https:\/\/eldiariodesanpedro.com.ar\/sitio\/wp-content\/uploads\/2025\/11\/Imagen-de-WhatsApp-2025-11-18-a-las-13.30.11_2ee09f18-300x200.jpg 300w, https:\/\/eldiariodesanpedro.com.ar\/sitio\/wp-content\/uploads\/2025\/11\/Imagen-de-WhatsApp-2025-11-18-a-las-13.30.11_2ee09f18-768x511.jpg 768w\" data-sizes=\"(max-width: 946px) 100vw, 946px\" src=\"data:image\/svg+xml;base64,PHN2ZyB3aWR0aD0iMSIgaGVpZ2h0PSIxIiB4bWxucz0iaHR0cDovL3d3dy53My5vcmcvMjAwMC9zdmciPjwvc3ZnPg==\" style=\"--smush-placeholder-width: 946px; --smush-placeholder-aspect-ratio: 946\/630;\" \/><\/figure><\/li><\/ul><a class=\"wp-block-jetpack-slideshow_button-prev swiper-button-prev swiper-button-white\" role=\"button\"><\/a><a class=\"wp-block-jetpack-slideshow_button-next swiper-button-next swiper-button-white\" role=\"button\"><\/a><a aria-label=\"Pause Slideshow\" class=\"wp-block-jetpack-slideshow_button-pause\" role=\"button\"><\/a><div class=\"wp-block-jetpack-slideshow_pagination swiper-pagination swiper-pagination-white\"><\/div><\/div><\/div>\n","protected":false},"excerpt":{"rendered":"<p>Estudiantes de Vuelta de Obligado presentaron al intendente Cecilio Salazar un proyecto tur\u00edstico inclusivo que propone mejorar la accesibilidad en espacios naturales y patrimoniales. El Intendente Cecilio Salazar recibi\u00f3 en su despacho a estudiantes de sexto a\u00f1o del Anexo 2050 de la Escuela Secundaria N.\u00ba 5 de Vuelta de Obligado, quienes presentaron un proyecto tur\u00edstico [&hellip;]<\/p>\n","protected":false},"author":4,"featured_media":145328,"comment_status":"closed","ping_status":"closed","sticky":false,"template":"","format":"standard","meta":{"om_disable_all_campaigns":false,"_jetpack_memberships_contains_paid_content":false,"footnotes":""},"categories":[50,101,2],"tags":[1059,7512,7510,7509,3878,7511,19,7508,674],"class_list":["post-145327","post","type-post","status-publish","format-standard","has-post-thumbnail","hentry","category-destacadas","category-interes-general-locales","category-locales","tag-cecilio-salazar","tag-educacion-secundaria","tag-estudiantes","tag-huellas-accesibles","tag-inclusion","tag-proyecto-turistico","tag-san-pedro","tag-turismo-accesible","tag-vuelta-de-obligado"],"aioseo_notices":[],"gutentor_comment":0,"jetpack_featured_media_url":"https:\/\/eldiariodesanpedro.com.ar\/sitio\/wp-content\/uploads\/2025\/11\/Imagen-de-WhatsApp-2025-11-18-a-las-13.30.10_1508e808.jpg","jetpack_shortlink":"https:\/\/wp.me\/p6RhLt-BNZ","jetpack_sharing_enabled":true,"_links":{"self":[{"href":"https:\/\/eldiariodesanpedro.com.ar\/sitio\/wp-json\/wp\/v2\/posts\/145327","targetHints":{"allow":["GET"]}}],"collection":[{"href":"https:\/\/eldiariodesanpedro.com.ar\/sitio\/wp-json\/wp\/v2\/posts"}],"about":[{"href":"https:\/\/eldiariodesanpedro.com.ar\/sitio\/wp-json\/wp\/v2\/types\/post"}],"author":[{"embeddable":true,"href":"https:\/\/eldiariodesanpedro.com.ar\/sitio\/wp-json\/wp\/v2\/users\/4"}],"replies":[{"embeddable":true,"href":"https:\/\/eldiariodesanpedro.com.ar\/sitio\/wp-json\/wp\/v2\/comments?post=145327"}],"version-history":[{"count":1,"href":"https:\/\/eldiariodesanpedro.com.ar\/sitio\/wp-json\/wp\/v2\/posts\/145327\/revisions"}],"predecessor-version":[{"id":145333,"href":"https:\/\/eldiariodesanpedro.com.ar\/sitio\/wp-json\/wp\/v2\/posts\/145327\/revisions\/145333"}],"wp:featuredmedia":[{"embeddable":true,"href":"https:\/\/eldiariodesanpedro.com.ar\/sitio\/wp-json\/wp\/v2\/media\/145328"}],"wp:attachment":[{"href":"https:\/\/eldiariodesanpedro.com.ar\/sitio\/wp-json\/wp\/v2\/media?parent=145327"}],"wp:term":[{"taxonomy":"category","embeddable":true,"href":"https:\/\/eldiariodesanpedro.com.ar\/sitio\/wp-json\/wp\/v2\/categories?post=145327"},{"taxonomy":"post_tag","embeddable":true,"href":"https:\/\/eldiariodesanpedro.com.ar\/sitio\/wp-json\/wp\/v2\/tags?post=145327"}],"curies":[{"name":"wp","href":"https:\/\/api.w.org\/{rel}","templated":true}]}}