{"id":145323,"date":"2025-11-18T13:16:39","date_gmt":"2025-11-18T16:16:39","guid":{"rendered":"https:\/\/eldiariodesanpedro.com.ar\/sitio\/?p=145323"},"modified":"2025-11-18T13:16:47","modified_gmt":"2025-11-18T16:16:47","slug":"edicto-de-sucesion-de-raul-alberto-pelletier","status":"publish","type":"post","link":"https:\/\/eldiariodesanpedro.com.ar\/sitio\/edicto-de-sucesion-de-raul-alberto-pelletier\/","title":{"rendered":"Edicto de Sucesi\u00f3n de Ra\u00fal Alberto Pelletier"},"content":{"rendered":"<!-- VideographyWP Plugin Message: Automatic video embedding prevented by plugin options. -->\n\n<p>El Juzgado de Paz de San Pedro del departamento judicial de San Nicol\u00e1s cita y emplaza por 30 d\u00edas a herederos y acreedores de <strong>Ra\u00fal Alberto Pelletier.<\/strong> San Pedro, 14 de Noviembre de 2025.&nbsp;<\/p>\n\n\n\n<p>FACUNDO VELL\u00d3N<br>ABOGADO SECRETARIO<\/p>\n\n\n\n<p>(Publicaci\u00f3n v\u00e1lida para los d\u00edas 18 de noviembre de 2025)<br><a href=\"https:\/\/notificaciones.scba.gov.ar\/interfazbootstrap\/textonotificacion.aspx?CodNotif=TP7TC1E9\">https:\/\/notificaciones.scba.gov.ar\/interfazbootstrap\/textonotificacion.aspx?CodNotif=TP7TC1E9<\/a><\/p>\n\n\n\n<p>Todos los edictos los podes publicados los puedes ver en: <a href=\"https:\/\/eldiariodesanpedro.com.ar\/sitio\/category\/edictos\/\">https:\/\/eldiariodesanpedro.com.ar\/sitio\/category\/edictos\/<\/a><\/p>\n","protected":false},"excerpt":{"rendered":"<p>El Juzgado de Paz de San Pedro del departamento judicial de San Nicol\u00e1s cita y emplaza por 30 d\u00edas a herederos y acreedores de Ra\u00fal Alberto Pelletier. San Pedro, 14 de Noviembre de 2025.&nbsp; FACUNDO VELL\u00d3NABOGADO SECRETARIO (Publicaci\u00f3n v\u00e1lida para los d\u00edas 18 de noviembre de 2025)https:\/\/notificaciones.scba.gov.ar\/interfazbootstrap\/textonotificacion.aspx?CodNotif=TP7TC1E9 Todos los edictos los podes publicados los puedes [&hellip;]<\/p>\n","protected":false},"author":4,"featured_media":102746,"comment_status":"closed","ping_status":"closed","sticky":false,"template":"","format":"standard","meta":{"om_disable_all_campaigns":false,"_jetpack_memberships_contains_paid_content":false,"footnotes":""},"categories":[676,677],"tags":[7507],"class_list":["post-145323","post","type-post","status-publish","format-standard","has-post-thumbnail","hentry","category-edictos","category-edictos-sucesorios","tag-raul-alberto-pelletier"],"aioseo_notices":[],"gutentor_comment":0,"jetpack_featured_media_url":"https:\/\/eldiariodesanpedro.com.ar\/sitio\/wp-content\/uploads\/2022\/01\/EDICTO.jpg","jetpack_shortlink":"https:\/\/wp.me\/p6RhLt-BNV","jetpack_sharing_enabled":true,"_links":{"self":[{"href":"https:\/\/eldiariodesanpedro.com.ar\/sitio\/wp-json\/wp\/v2\/posts\/145323","targetHints":{"allow":["GET"]}}],"collection":[{"href":"https:\/\/eldiariodesanpedro.com.ar\/sitio\/wp-json\/wp\/v2\/posts"}],"about":[{"href":"https:\/\/eldiariodesanpedro.com.ar\/sitio\/wp-json\/wp\/v2\/types\/post"}],"author":[{"embeddable":true,"href":"https:\/\/eldiariodesanpedro.com.ar\/sitio\/wp-json\/wp\/v2\/users\/4"}],"replies":[{"embeddable":true,"href":"https:\/\/eldiariodesanpedro.com.ar\/sitio\/wp-json\/wp\/v2\/comments?post=145323"}],"version-history":[{"count":1,"href":"https:\/\/eldiariodesanpedro.com.ar\/sitio\/wp-json\/wp\/v2\/posts\/145323\/revisions"}],"predecessor-version":[{"id":145324,"href":"https:\/\/eldiariodesanpedro.com.ar\/sitio\/wp-json\/wp\/v2\/posts\/145323\/revisions\/145324"}],"wp:featuredmedia":[{"embeddable":true,"href":"https:\/\/eldiariodesanpedro.com.ar\/sitio\/wp-json\/wp\/v2\/media\/102746"}],"wp:attachment":[{"href":"https:\/\/eldiariodesanpedro.com.ar\/sitio\/wp-json\/wp\/v2\/media?parent=145323"}],"wp:term":[{"taxonomy":"category","embeddable":true,"href":"https:\/\/eldiariodesanpedro.com.ar\/sitio\/wp-json\/wp\/v2\/categories?post=145323"},{"taxonomy":"post_tag","embeddable":true,"href":"https:\/\/eldiariodesanpedro.com.ar\/sitio\/wp-json\/wp\/v2\/tags?post=145323"}],"curies":[{"name":"wp","href":"https:\/\/api.w.org\/{rel}","templated":true}]}}