{"id":145261,"date":"2025-11-17T20:35:00","date_gmt":"2025-11-17T23:35:00","guid":{"rendered":"https:\/\/eldiariodesanpedro.com.ar\/sitio\/?p=145261"},"modified":"2025-11-17T20:35:04","modified_gmt":"2025-11-17T23:35:04","slug":"reparacion-de-calzada-en-romulo-naon-av-espana-y-cnel-thorne","status":"publish","type":"post","link":"https:\/\/eldiariodesanpedro.com.ar\/sitio\/reparacion-de-calzada-en-romulo-naon-av-espana-y-cnel-thorne\/","title":{"rendered":"Reparaci\u00f3n de calzada en R\u00f3mulo Na\u00f3n, Av. Espa\u00f1a y Cnel. Thorne"},"content":{"rendered":"<!-- VideographyWP Plugin Message: Automatic video embedding prevented by plugin options. -->\n\n<p>La Municipalidad avanza con la reparaci\u00f3n de la calzada en R\u00f3mulo Na\u00f3n, Av. Espa\u00f1a y Cnel. Thorne, con intervenciones de hormig\u00f3n y cortes temporales de tr\u00e1nsito.<\/p>\n\n\n\n<p>La <strong>Municipalidad de San Pedro<\/strong>, a trav\u00e9s de la <strong>Secretar\u00eda de Servicios P\u00fablicos<\/strong>, lleva adelante <strong>trabajos de reparaci\u00f3n y mejora vial<\/strong> en la intersecci\u00f3n de <strong>R\u00f3mulo Na\u00f3n, Avenida Espa\u00f1a y Coronel Thorne<\/strong>, un punto clave de conexi\u00f3n con la costanera baja.<\/p>\n\n\n\n<p>Las tareas comprenden la <strong>remoci\u00f3n de la carpeta asf\u00e1ltica deteriorada<\/strong> y la <strong>colocaci\u00f3n de hormig\u00f3n<\/strong>, intervenci\u00f3n fundamental para asegurar una <strong>circulaci\u00f3n m\u00e1s segura y duradera<\/strong> en un sector de alto tr\u00e1nsito.<\/p>\n\n\n\n<p>Mientras se desarrollan los trabajos, el <strong>tr\u00e1nsito permanecer\u00e1 parcial o totalmente interrumpido<\/strong>, por lo que se solicita a vecinos y automovilistas <strong>circular con precauci\u00f3n durante los pr\u00f3ximos d\u00edas<\/strong>.<\/p>\n\n\n\n<p>Desde el Municipio agradecen la <strong>comprensi\u00f3n de la comunidad<\/strong>, destacando que estas mejoras forman parte del plan de <strong>fortalecimiento de la infraestructura vial<\/strong> y de la seguridad en distintos puntos de la ciudad.<\/p>\n\n\n\n<p>#SanPedro #ObrasP\u00fablicas #ServiciosP\u00fablicos #Reparaci\u00f3nDeCalzada #Tr\u00e1nsito<\/p>\n\n\n\n<div class=\"wp-block-jetpack-slideshow aligncenter\" data-effect=\"slide\"><div class=\"wp-block-jetpack-slideshow_container swiper-container\"><ul class=\"wp-block-jetpack-slideshow_swiper-wrapper swiper-wrapper\"><li class=\"wp-block-jetpack-slideshow_slide swiper-slide\"><figure><img decoding=\"async\" width=\"946\" height=\"630\" alt=\"\" class=\"wp-block-jetpack-slideshow_image wp-image-145265 lazyload\" data-id=\"145265\" data-src=\"https:\/\/eldiariodesanpedro.com.ar\/sitio\/wp-content\/uploads\/2025\/11\/Imagen-de-WhatsApp-2025-11-17-a-las-13.27.50_b4fde04a.jpg\" data-srcset=\"https:\/\/eldiariodesanpedro.com.ar\/sitio\/wp-content\/uploads\/2025\/11\/Imagen-de-WhatsApp-2025-11-17-a-las-13.27.50_b4fde04a.jpg 946w, https:\/\/eldiariodesanpedro.com.ar\/sitio\/wp-content\/uploads\/2025\/11\/Imagen-de-WhatsApp-2025-11-17-a-las-13.27.50_b4fde04a-300x200.jpg 300w, https:\/\/eldiariodesanpedro.com.ar\/sitio\/wp-content\/uploads\/2025\/11\/Imagen-de-WhatsApp-2025-11-17-a-las-13.27.50_b4fde04a-768x511.jpg 768w\" data-sizes=\"(max-width: 946px) 100vw, 946px\" src=\"data:image\/svg+xml;base64,PHN2ZyB3aWR0aD0iMSIgaGVpZ2h0PSIxIiB4bWxucz0iaHR0cDovL3d3dy53My5vcmcvMjAwMC9zdmciPjwvc3ZnPg==\" style=\"--smush-placeholder-width: 946px; --smush-placeholder-aspect-ratio: 946\/630;\" \/><\/figure><\/li><li class=\"wp-block-jetpack-slideshow_slide swiper-slide\"><figure><img decoding=\"async\" width=\"946\" height=\"630\" alt=\"\" class=\"wp-block-jetpack-slideshow_image wp-image-145264 lazyload\" data-id=\"145264\" data-src=\"https:\/\/eldiariodesanpedro.com.ar\/sitio\/wp-content\/uploads\/2025\/11\/Imagen-de-WhatsApp-2025-11-17-a-las-13.27.50_8d180eb5.jpg\" data-srcset=\"https:\/\/eldiariodesanpedro.com.ar\/sitio\/wp-content\/uploads\/2025\/11\/Imagen-de-WhatsApp-2025-11-17-a-las-13.27.50_8d180eb5.jpg 946w, https:\/\/eldiariodesanpedro.com.ar\/sitio\/wp-content\/uploads\/2025\/11\/Imagen-de-WhatsApp-2025-11-17-a-las-13.27.50_8d180eb5-300x200.jpg 300w, https:\/\/eldiariodesanpedro.com.ar\/sitio\/wp-content\/uploads\/2025\/11\/Imagen-de-WhatsApp-2025-11-17-a-las-13.27.50_8d180eb5-768x511.jpg 768w\" data-sizes=\"(max-width: 946px) 100vw, 946px\" src=\"data:image\/svg+xml;base64,PHN2ZyB3aWR0aD0iMSIgaGVpZ2h0PSIxIiB4bWxucz0iaHR0cDovL3d3dy53My5vcmcvMjAwMC9zdmciPjwvc3ZnPg==\" style=\"--smush-placeholder-width: 946px; --smush-placeholder-aspect-ratio: 946\/630;\" \/><\/figure><\/li><li class=\"wp-block-jetpack-slideshow_slide swiper-slide\"><figure><img decoding=\"async\" width=\"946\" height=\"630\" alt=\"\" class=\"wp-block-jetpack-slideshow_image wp-image-145263 lazyload\" data-id=\"145263\" data-src=\"https:\/\/eldiariodesanpedro.com.ar\/sitio\/wp-content\/uploads\/2025\/11\/Imagen-de-WhatsApp-2025-11-17-a-las-13.27.49_a8df2ef3.jpg\" data-srcset=\"https:\/\/eldiariodesanpedro.com.ar\/sitio\/wp-content\/uploads\/2025\/11\/Imagen-de-WhatsApp-2025-11-17-a-las-13.27.49_a8df2ef3.jpg 946w, https:\/\/eldiariodesanpedro.com.ar\/sitio\/wp-content\/uploads\/2025\/11\/Imagen-de-WhatsApp-2025-11-17-a-las-13.27.49_a8df2ef3-300x200.jpg 300w, https:\/\/eldiariodesanpedro.com.ar\/sitio\/wp-content\/uploads\/2025\/11\/Imagen-de-WhatsApp-2025-11-17-a-las-13.27.49_a8df2ef3-768x511.jpg 768w\" data-sizes=\"(max-width: 946px) 100vw, 946px\" src=\"data:image\/svg+xml;base64,PHN2ZyB3aWR0aD0iMSIgaGVpZ2h0PSIxIiB4bWxucz0iaHR0cDovL3d3dy53My5vcmcvMjAwMC9zdmciPjwvc3ZnPg==\" style=\"--smush-placeholder-width: 946px; --smush-placeholder-aspect-ratio: 946\/630;\" \/><\/figure><\/li><li class=\"wp-block-jetpack-slideshow_slide swiper-slide\"><figure><img decoding=\"async\" width=\"946\" height=\"630\" alt=\"\" class=\"wp-block-jetpack-slideshow_image wp-image-145262 lazyload\" data-id=\"145262\" data-src=\"https:\/\/eldiariodesanpedro.com.ar\/sitio\/wp-content\/uploads\/2025\/11\/Imagen-de-WhatsApp-2025-11-17-a-las-13.27.49_5e2c54e4.jpg\" data-srcset=\"https:\/\/eldiariodesanpedro.com.ar\/sitio\/wp-content\/uploads\/2025\/11\/Imagen-de-WhatsApp-2025-11-17-a-las-13.27.49_5e2c54e4.jpg 946w, https:\/\/eldiariodesanpedro.com.ar\/sitio\/wp-content\/uploads\/2025\/11\/Imagen-de-WhatsApp-2025-11-17-a-las-13.27.49_5e2c54e4-300x200.jpg 300w, https:\/\/eldiariodesanpedro.com.ar\/sitio\/wp-content\/uploads\/2025\/11\/Imagen-de-WhatsApp-2025-11-17-a-las-13.27.49_5e2c54e4-768x511.jpg 768w\" data-sizes=\"(max-width: 946px) 100vw, 946px\" src=\"data:image\/svg+xml;base64,PHN2ZyB3aWR0aD0iMSIgaGVpZ2h0PSIxIiB4bWxucz0iaHR0cDovL3d3dy53My5vcmcvMjAwMC9zdmciPjwvc3ZnPg==\" style=\"--smush-placeholder-width: 946px; --smush-placeholder-aspect-ratio: 946\/630;\" \/><\/figure><\/li><\/ul><a class=\"wp-block-jetpack-slideshow_button-prev swiper-button-prev swiper-button-white\" role=\"button\"><\/a><a class=\"wp-block-jetpack-slideshow_button-next swiper-button-next swiper-button-white\" role=\"button\"><\/a><a aria-label=\"Pause Slideshow\" class=\"wp-block-jetpack-slideshow_button-pause\" role=\"button\"><\/a><div class=\"wp-block-jetpack-slideshow_pagination swiper-pagination swiper-pagination-white\"><\/div><\/div><\/div>\n","protected":false},"excerpt":{"rendered":"<p>La Municipalidad avanza con la reparaci\u00f3n de la calzada en R\u00f3mulo Na\u00f3n, Av. Espa\u00f1a y Cnel. Thorne, con intervenciones de hormig\u00f3n y cortes temporales de tr\u00e1nsito. La Municipalidad de San Pedro, a trav\u00e9s de la Secretar\u00eda de Servicios P\u00fablicos, lleva adelante trabajos de reparaci\u00f3n y mejora vial en la intersecci\u00f3n de R\u00f3mulo Na\u00f3n, Avenida Espa\u00f1a [&hellip;]<\/p>\n","protected":false},"author":4,"featured_media":145262,"comment_status":"closed","ping_status":"closed","sticky":false,"template":"","format":"standard","meta":{"om_disable_all_campaigns":false,"_jetpack_memberships_contains_paid_content":false,"footnotes":""},"categories":[50,101,2],"tags":[7451,7452,7453,5716,7449,6833,19,7450],"class_list":["post-145261","post","type-post","status-publish","format-standard","has-post-thumbnail","hentry","category-destacadas","category-interes-general-locales","category-locales","tag-avenida-espana","tag-coronel-thorne","tag-infraestructura-vial","tag-obras-municipales","tag-reparacion-de-calzada","tag-romulo-naon","tag-san-pedro","tag-trabajos-viales"],"aioseo_notices":[],"gutentor_comment":0,"jetpack_featured_media_url":"https:\/\/eldiariodesanpedro.com.ar\/sitio\/wp-content\/uploads\/2025\/11\/Imagen-de-WhatsApp-2025-11-17-a-las-13.27.49_5e2c54e4.jpg","jetpack_shortlink":"https:\/\/wp.me\/p6RhLt-BMV","jetpack_sharing_enabled":true,"_links":{"self":[{"href":"https:\/\/eldiariodesanpedro.com.ar\/sitio\/wp-json\/wp\/v2\/posts\/145261","targetHints":{"allow":["GET"]}}],"collection":[{"href":"https:\/\/eldiariodesanpedro.com.ar\/sitio\/wp-json\/wp\/v2\/posts"}],"about":[{"href":"https:\/\/eldiariodesanpedro.com.ar\/sitio\/wp-json\/wp\/v2\/types\/post"}],"author":[{"embeddable":true,"href":"https:\/\/eldiariodesanpedro.com.ar\/sitio\/wp-json\/wp\/v2\/users\/4"}],"replies":[{"embeddable":true,"href":"https:\/\/eldiariodesanpedro.com.ar\/sitio\/wp-json\/wp\/v2\/comments?post=145261"}],"version-history":[{"count":1,"href":"https:\/\/eldiariodesanpedro.com.ar\/sitio\/wp-json\/wp\/v2\/posts\/145261\/revisions"}],"predecessor-version":[{"id":145266,"href":"https:\/\/eldiariodesanpedro.com.ar\/sitio\/wp-json\/wp\/v2\/posts\/145261\/revisions\/145266"}],"wp:featuredmedia":[{"embeddable":true,"href":"https:\/\/eldiariodesanpedro.com.ar\/sitio\/wp-json\/wp\/v2\/media\/145262"}],"wp:attachment":[{"href":"https:\/\/eldiariodesanpedro.com.ar\/sitio\/wp-json\/wp\/v2\/media?parent=145261"}],"wp:term":[{"taxonomy":"category","embeddable":true,"href":"https:\/\/eldiariodesanpedro.com.ar\/sitio\/wp-json\/wp\/v2\/categories?post=145261"},{"taxonomy":"post_tag","embeddable":true,"href":"https:\/\/eldiariodesanpedro.com.ar\/sitio\/wp-json\/wp\/v2\/tags?post=145261"}],"curies":[{"name":"wp","href":"https:\/\/api.w.org\/{rel}","templated":true}]}}