{"id":145254,"date":"2025-11-17T20:10:19","date_gmt":"2025-11-17T23:10:19","guid":{"rendered":"https:\/\/eldiariodesanpedro.com.ar\/sitio\/?p=145254"},"modified":"2025-11-17T20:10:28","modified_gmt":"2025-11-17T23:10:28","slug":"jornada-por-el-dia-mundial-de-la-diabetes-en-el-hospital-municipal","status":"publish","type":"post","link":"https:\/\/eldiariodesanpedro.com.ar\/sitio\/jornada-por-el-dia-mundial-de-la-diabetes-en-el-hospital-municipal\/","title":{"rendered":"Jornada por el D\u00eda Mundial de la Diabetes en el Hospital Municipal"},"content":{"rendered":"<!-- VideographyWP Plugin Message: Automatic video embedding prevented by plugin options. -->\n\n<p>Actividad de prevenci\u00f3n y control se realiz\u00f3 en el Hospital Municipal, con stands informativos y evaluaciones para promover la detecci\u00f3n temprana de la diabetes.<\/p>\n\n\n\n<p>En el marco del <strong>D\u00eda Mundial de la Lucha contra la Diabetes<\/strong>, conmemorado el 14 de noviembre, este lunes se desarroll\u00f3 una <strong>jornada especial en el Hospital Municipal Dr. Emilio Ruffa<\/strong>, organizada por la Secretar\u00eda de Salud, la Direcci\u00f3n del Hospital y el grupo Creando Conciencia.<\/p>\n\n\n\n<p>La actividad se llev\u00f3 a cabo en el acceso principal del nosocomio, donde se dispusieron <strong>stands informativos y de atenci\u00f3n para fomentar la prevenci\u00f3n, la detecci\u00f3n temprana y el acompa\u00f1amiento integral<\/strong> de personas con diabetes. Participaron la <strong>secretaria de Salud, Dra. Isabel Carrasco; la directora del Hospital, Dra. Luciana Artigues; la Dra. Sandra Dotti<\/strong> y el equipo especializado de diabetes.<\/p>\n\n\n\n<p>Los profesionales realizaron <strong>controles de glucemia capilar<\/strong>, <strong>medici\u00f3n de presi\u00f3n arterial<\/strong>, <strong>orientaci\u00f3n nutricional<\/strong>, adem\u00e1s de propuestas de <strong>actividad f\u00edsica y podolog\u00eda<\/strong>. Tambi\u00e9n hubo materiales informativos y juegos educativos que facilitaron la comprensi\u00f3n de los cuidados necesarios.<\/p>\n\n\n\n<p>Durante la jornada, las personas que registraron <strong>valores elevados de glucemia<\/strong> recibieron una orden de laboratorio para profundizar estudios con sangre venosa y fueron derivadas a sus m\u00e9dicos de cabecera para el seguimiento adecuado. Esta estrategia permiti\u00f3 <strong>reforzar la detecci\u00f3n precoz<\/strong> aprovechando la circulaci\u00f3n espont\u00e1nea de pacientes y acompa\u00f1antes.<\/p>\n\n\n\n<p>La secretaria de Salud destac\u00f3 el <strong>compromiso del equipo de diabetes<\/strong> y subray\u00f3 la importancia de la <strong>prevenci\u00f3n como pilar de la salud p\u00fablica<\/strong>, se\u00f1alando el valor de iniciativas que permiten intervenir de manera temprana, mejorar la calidad de vida y <strong>reducir costos al sistema sanitario<\/strong>.<\/p>\n\n\n\n<p>Salud #Diabetes #HospitalMunicipal #Prevenci\u00f3n #SanPedro #D\u00edaMundialDeLaDiabetes<\/p>\n\n\n\n<div class=\"wp-block-jetpack-slideshow aligncenter\" data-effect=\"slide\"><div class=\"wp-block-jetpack-slideshow_container swiper-container\"><ul class=\"wp-block-jetpack-slideshow_swiper-wrapper swiper-wrapper\"><li class=\"wp-block-jetpack-slideshow_slide swiper-slide\"><figure><img decoding=\"async\" width=\"946\" height=\"630\" alt=\"\" class=\"wp-block-jetpack-slideshow_image wp-image-145259 lazyload\" data-id=\"145259\" data-src=\"https:\/\/eldiariodesanpedro.com.ar\/sitio\/wp-content\/uploads\/2025\/11\/Imagen-de-WhatsApp-2025-11-17-a-las-12.45.40_cd8d1baa.jpg\" data-srcset=\"https:\/\/eldiariodesanpedro.com.ar\/sitio\/wp-content\/uploads\/2025\/11\/Imagen-de-WhatsApp-2025-11-17-a-las-12.45.40_cd8d1baa.jpg 946w, https:\/\/eldiariodesanpedro.com.ar\/sitio\/wp-content\/uploads\/2025\/11\/Imagen-de-WhatsApp-2025-11-17-a-las-12.45.40_cd8d1baa-300x200.jpg 300w, https:\/\/eldiariodesanpedro.com.ar\/sitio\/wp-content\/uploads\/2025\/11\/Imagen-de-WhatsApp-2025-11-17-a-las-12.45.40_cd8d1baa-768x511.jpg 768w\" data-sizes=\"(max-width: 946px) 100vw, 946px\" src=\"data:image\/svg+xml;base64,PHN2ZyB3aWR0aD0iMSIgaGVpZ2h0PSIxIiB4bWxucz0iaHR0cDovL3d3dy53My5vcmcvMjAwMC9zdmciPjwvc3ZnPg==\" style=\"--smush-placeholder-width: 946px; --smush-placeholder-aspect-ratio: 946\/630;\" \/><\/figure><\/li><li class=\"wp-block-jetpack-slideshow_slide swiper-slide\"><figure><img decoding=\"async\" width=\"946\" height=\"630\" alt=\"\" class=\"wp-block-jetpack-slideshow_image wp-image-145258 lazyload\" data-id=\"145258\" data-src=\"https:\/\/eldiariodesanpedro.com.ar\/sitio\/wp-content\/uploads\/2025\/11\/Imagen-de-WhatsApp-2025-11-17-a-las-12.45.40_ca85f9bc.jpg\" data-srcset=\"https:\/\/eldiariodesanpedro.com.ar\/sitio\/wp-content\/uploads\/2025\/11\/Imagen-de-WhatsApp-2025-11-17-a-las-12.45.40_ca85f9bc.jpg 946w, https:\/\/eldiariodesanpedro.com.ar\/sitio\/wp-content\/uploads\/2025\/11\/Imagen-de-WhatsApp-2025-11-17-a-las-12.45.40_ca85f9bc-300x200.jpg 300w, https:\/\/eldiariodesanpedro.com.ar\/sitio\/wp-content\/uploads\/2025\/11\/Imagen-de-WhatsApp-2025-11-17-a-las-12.45.40_ca85f9bc-768x511.jpg 768w\" data-sizes=\"(max-width: 946px) 100vw, 946px\" src=\"data:image\/svg+xml;base64,PHN2ZyB3aWR0aD0iMSIgaGVpZ2h0PSIxIiB4bWxucz0iaHR0cDovL3d3dy53My5vcmcvMjAwMC9zdmciPjwvc3ZnPg==\" style=\"--smush-placeholder-width: 946px; --smush-placeholder-aspect-ratio: 946\/630;\" \/><\/figure><\/li><li class=\"wp-block-jetpack-slideshow_slide swiper-slide\"><figure><img decoding=\"async\" width=\"946\" height=\"630\" alt=\"\" class=\"wp-block-jetpack-slideshow_image wp-image-145257 lazyload\" data-id=\"145257\" data-src=\"https:\/\/eldiariodesanpedro.com.ar\/sitio\/wp-content\/uploads\/2025\/11\/Imagen-de-WhatsApp-2025-11-17-a-las-12.45.40_177af628.jpg\" data-srcset=\"https:\/\/eldiariodesanpedro.com.ar\/sitio\/wp-content\/uploads\/2025\/11\/Imagen-de-WhatsApp-2025-11-17-a-las-12.45.40_177af628.jpg 946w, https:\/\/eldiariodesanpedro.com.ar\/sitio\/wp-content\/uploads\/2025\/11\/Imagen-de-WhatsApp-2025-11-17-a-las-12.45.40_177af628-300x200.jpg 300w, https:\/\/eldiariodesanpedro.com.ar\/sitio\/wp-content\/uploads\/2025\/11\/Imagen-de-WhatsApp-2025-11-17-a-las-12.45.40_177af628-768x511.jpg 768w\" data-sizes=\"(max-width: 946px) 100vw, 946px\" src=\"data:image\/svg+xml;base64,PHN2ZyB3aWR0aD0iMSIgaGVpZ2h0PSIxIiB4bWxucz0iaHR0cDovL3d3dy53My5vcmcvMjAwMC9zdmciPjwvc3ZnPg==\" style=\"--smush-placeholder-width: 946px; --smush-placeholder-aspect-ratio: 946\/630;\" \/><\/figure><\/li><li class=\"wp-block-jetpack-slideshow_slide swiper-slide\"><figure><img decoding=\"async\" width=\"946\" height=\"630\" alt=\"\" class=\"wp-block-jetpack-slideshow_image wp-image-145256 lazyload\" data-id=\"145256\" data-src=\"https:\/\/eldiariodesanpedro.com.ar\/sitio\/wp-content\/uploads\/2025\/11\/Imagen-de-WhatsApp-2025-11-17-a-las-12.45.40_8b72b10b.jpg\" data-srcset=\"https:\/\/eldiariodesanpedro.com.ar\/sitio\/wp-content\/uploads\/2025\/11\/Imagen-de-WhatsApp-2025-11-17-a-las-12.45.40_8b72b10b.jpg 946w, https:\/\/eldiariodesanpedro.com.ar\/sitio\/wp-content\/uploads\/2025\/11\/Imagen-de-WhatsApp-2025-11-17-a-las-12.45.40_8b72b10b-300x200.jpg 300w, https:\/\/eldiariodesanpedro.com.ar\/sitio\/wp-content\/uploads\/2025\/11\/Imagen-de-WhatsApp-2025-11-17-a-las-12.45.40_8b72b10b-768x511.jpg 768w\" data-sizes=\"(max-width: 946px) 100vw, 946px\" src=\"data:image\/svg+xml;base64,PHN2ZyB3aWR0aD0iMSIgaGVpZ2h0PSIxIiB4bWxucz0iaHR0cDovL3d3dy53My5vcmcvMjAwMC9zdmciPjwvc3ZnPg==\" style=\"--smush-placeholder-width: 946px; --smush-placeholder-aspect-ratio: 946\/630;\" \/><\/figure><\/li><\/ul><a class=\"wp-block-jetpack-slideshow_button-prev swiper-button-prev swiper-button-white\" role=\"button\"><\/a><a class=\"wp-block-jetpack-slideshow_button-next swiper-button-next swiper-button-white\" role=\"button\"><\/a><a aria-label=\"Pause Slideshow\" class=\"wp-block-jetpack-slideshow_button-pause\" role=\"button\"><\/a><div class=\"wp-block-jetpack-slideshow_pagination swiper-pagination swiper-pagination-white\"><\/div><\/div><\/div>\n","protected":false},"excerpt":{"rendered":"<p>Actividad de prevenci\u00f3n y control se realiz\u00f3 en el Hospital Municipal, con stands informativos y evaluaciones para promover la detecci\u00f3n temprana de la diabetes. En el marco del D\u00eda Mundial de la Lucha contra la Diabetes, conmemorado el 14 de noviembre, este lunes se desarroll\u00f3 una jornada especial en el Hospital Municipal Dr. Emilio Ruffa, [&hellip;]<\/p>\n","protected":false},"author":4,"featured_media":145255,"comment_status":"closed","ping_status":"closed","sticky":false,"template":"","format":"standard","meta":{"om_disable_all_campaigns":false,"_jetpack_memberships_contains_paid_content":false,"footnotes":""},"categories":[101,2],"tags":[],"class_list":["post-145254","post","type-post","status-publish","format-standard","has-post-thumbnail","hentry","category-interes-general-locales","category-locales"],"aioseo_notices":[],"gutentor_comment":0,"jetpack_featured_media_url":"https:\/\/eldiariodesanpedro.com.ar\/sitio\/wp-content\/uploads\/2025\/11\/Imagen-de-WhatsApp-2025-11-17-a-las-12.45.39_3b9369a1.jpg","jetpack_shortlink":"https:\/\/wp.me\/p6RhLt-BMO","jetpack_sharing_enabled":true,"_links":{"self":[{"href":"https:\/\/eldiariodesanpedro.com.ar\/sitio\/wp-json\/wp\/v2\/posts\/145254","targetHints":{"allow":["GET"]}}],"collection":[{"href":"https:\/\/eldiariodesanpedro.com.ar\/sitio\/wp-json\/wp\/v2\/posts"}],"about":[{"href":"https:\/\/eldiariodesanpedro.com.ar\/sitio\/wp-json\/wp\/v2\/types\/post"}],"author":[{"embeddable":true,"href":"https:\/\/eldiariodesanpedro.com.ar\/sitio\/wp-json\/wp\/v2\/users\/4"}],"replies":[{"embeddable":true,"href":"https:\/\/eldiariodesanpedro.com.ar\/sitio\/wp-json\/wp\/v2\/comments?post=145254"}],"version-history":[{"count":1,"href":"https:\/\/eldiariodesanpedro.com.ar\/sitio\/wp-json\/wp\/v2\/posts\/145254\/revisions"}],"predecessor-version":[{"id":145260,"href":"https:\/\/eldiariodesanpedro.com.ar\/sitio\/wp-json\/wp\/v2\/posts\/145254\/revisions\/145260"}],"wp:featuredmedia":[{"embeddable":true,"href":"https:\/\/eldiariodesanpedro.com.ar\/sitio\/wp-json\/wp\/v2\/media\/145255"}],"wp:attachment":[{"href":"https:\/\/eldiariodesanpedro.com.ar\/sitio\/wp-json\/wp\/v2\/media?parent=145254"}],"wp:term":[{"taxonomy":"category","embeddable":true,"href":"https:\/\/eldiariodesanpedro.com.ar\/sitio\/wp-json\/wp\/v2\/categories?post=145254"},{"taxonomy":"post_tag","embeddable":true,"href":"https:\/\/eldiariodesanpedro.com.ar\/sitio\/wp-json\/wp\/v2\/tags?post=145254"}],"curies":[{"name":"wp","href":"https:\/\/api.w.org\/{rel}","templated":true}]}}