{"id":145246,"date":"2025-11-17T14:29:37","date_gmt":"2025-11-17T17:29:37","guid":{"rendered":"https:\/\/eldiariodesanpedro.com.ar\/sitio\/?p=145246"},"modified":"2025-11-17T14:29:42","modified_gmt":"2025-11-17T17:29:42","slug":"el-museo-paleontologico-recupera-un-craneo-fosil-de-mas-de-700-000-anos","status":"publish","type":"post","link":"https:\/\/eldiariodesanpedro.com.ar\/sitio\/el-museo-paleontologico-recupera-un-craneo-fosil-de-mas-de-700-000-anos\/","title":{"rendered":"El Museo Paleontol\u00f3gico recupera un cr\u00e1neo f\u00f3sil de m\u00e1s de 700.000 a\u00f1os"},"content":{"rendered":"<!-- VideographyWP Plugin Message: Automatic video embedding prevented by plugin options. -->\n\n<p>El Museo Paleontol\u00f3gico de San Pedro recuper\u00f3 un cr\u00e1neo de vizcacha f\u00f3sil, de m\u00e1s de 700.000 a\u00f1os, hallado en barrancas del Bajo Campod\u00f3nico.<\/p>\n\n\n\n<p>El <strong>Museo Paleontol\u00f3gico de San Pedro<\/strong> recuper\u00f3 un <strong>peque\u00f1o cr\u00e1neo f\u00f3sil de vizcacha (Lagostomus maximus)<\/strong> cuya antig\u00fcedad supera los <strong>700.000 a\u00f1os<\/strong>, perteneciente a la <strong>edad Ensenadense<\/strong>.<\/p>\n\n\n\n<p>Seg\u00fan detallaron desde la instituci\u00f3n, <strong>los ejemplares bien conservados de este per\u00edodo son muy poco frecuentes<\/strong>, lo que convierte al hallazgo en un aporte valioso para seguir reconstruyendo la fauna prehist\u00f3rica de la regi\u00f3n.<\/p>\n\n\n\n<p>El f\u00f3sil apareci\u00f3 durante una recorrida por un sector de las <strong>barrancas cercanas al barrio Bajo Campod\u00f3nico<\/strong>. Se trata de un cr\u00e1neo de reducido tama\u00f1o que conserva <strong>mand\u00edbulas articuladas y dentici\u00f3n completa<\/strong>, un estado excepcional para restos de esa antig\u00fcedad.<\/p>\n\n\n\n<p>El descubrimiento fue realizado por <strong>Walter Parra<\/strong>, acompa\u00f1ado por <strong>Alexis Celi\u00e9, Javier Saucedo, Julio Simonini, Jorge Mart\u00ednez y Jos\u00e9 Luis Aguilar<\/strong>, integrantes del equipo del museo que habitualmente realiza inspecciones y monitoreos en la zona.<\/p>\n\n\n\n<p>#SanPedro #MuseoPaleontologico #HallazgoFosil #Ciencia #Patrimonio #Ensenadense<\/p>\n","protected":false},"excerpt":{"rendered":"<p>El Museo Paleontol\u00f3gico de San Pedro recuper\u00f3 un cr\u00e1neo de vizcacha f\u00f3sil, de m\u00e1s de 700.000 a\u00f1os, hallado en barrancas del Bajo Campod\u00f3nico. El Museo Paleontol\u00f3gico de San Pedro recuper\u00f3 un peque\u00f1o cr\u00e1neo f\u00f3sil de vizcacha (Lagostomus maximus) cuya antig\u00fcedad supera los 700.000 a\u00f1os, perteneciente a la edad Ensenadense. Seg\u00fan detallaron desde la instituci\u00f3n, los [&hellip;]<\/p>\n","protected":false},"author":4,"featured_media":145247,"comment_status":"closed","ping_status":"closed","sticky":false,"template":"","format":"standard","meta":{"om_disable_all_campaigns":false,"_jetpack_memberships_contains_paid_content":false,"footnotes":""},"categories":[101,2],"tags":[7440,7438,7442,7439,7437,5983,7441,19],"class_list":["post-145246","post","type-post","status-publish","format-standard","has-post-thumbnail","hentry","category-interes-general-locales","category-locales","tag-barrancas","tag-craneo-fosil","tag-descubrimiento","tag-ensenadense","tag-fosil-vizcacha","tag-museo-paleontologico-2","tag-paleontologia","tag-san-pedro"],"aioseo_notices":[],"gutentor_comment":0,"jetpack_featured_media_url":"https:\/\/eldiariodesanpedro.com.ar\/sitio\/wp-content\/uploads\/2025\/11\/WhatsApp-Image-2025-11-16-at-18.47.50-800x445-1.jpeg","jetpack_shortlink":"https:\/\/wp.me\/p6RhLt-BMG","jetpack_sharing_enabled":true,"_links":{"self":[{"href":"https:\/\/eldiariodesanpedro.com.ar\/sitio\/wp-json\/wp\/v2\/posts\/145246","targetHints":{"allow":["GET"]}}],"collection":[{"href":"https:\/\/eldiariodesanpedro.com.ar\/sitio\/wp-json\/wp\/v2\/posts"}],"about":[{"href":"https:\/\/eldiariodesanpedro.com.ar\/sitio\/wp-json\/wp\/v2\/types\/post"}],"author":[{"embeddable":true,"href":"https:\/\/eldiariodesanpedro.com.ar\/sitio\/wp-json\/wp\/v2\/users\/4"}],"replies":[{"embeddable":true,"href":"https:\/\/eldiariodesanpedro.com.ar\/sitio\/wp-json\/wp\/v2\/comments?post=145246"}],"version-history":[{"count":1,"href":"https:\/\/eldiariodesanpedro.com.ar\/sitio\/wp-json\/wp\/v2\/posts\/145246\/revisions"}],"predecessor-version":[{"id":145248,"href":"https:\/\/eldiariodesanpedro.com.ar\/sitio\/wp-json\/wp\/v2\/posts\/145246\/revisions\/145248"}],"wp:featuredmedia":[{"embeddable":true,"href":"https:\/\/eldiariodesanpedro.com.ar\/sitio\/wp-json\/wp\/v2\/media\/145247"}],"wp:attachment":[{"href":"https:\/\/eldiariodesanpedro.com.ar\/sitio\/wp-json\/wp\/v2\/media?parent=145246"}],"wp:term":[{"taxonomy":"category","embeddable":true,"href":"https:\/\/eldiariodesanpedro.com.ar\/sitio\/wp-json\/wp\/v2\/categories?post=145246"},{"taxonomy":"post_tag","embeddable":true,"href":"https:\/\/eldiariodesanpedro.com.ar\/sitio\/wp-json\/wp\/v2\/tags?post=145246"}],"curies":[{"name":"wp","href":"https:\/\/api.w.org\/{rel}","templated":true}]}}