{"id":145243,"date":"2025-11-17T14:17:52","date_gmt":"2025-11-17T17:17:52","guid":{"rendered":"https:\/\/eldiariodesanpedro.com.ar\/sitio\/?p=145243"},"modified":"2025-11-17T14:17:56","modified_gmt":"2025-11-17T17:17:56","slug":"incendio-por-falla-electrica-afecto-a-un-vehiculo-estacionado-en-calle-ansaloni","status":"publish","type":"post","link":"https:\/\/eldiariodesanpedro.com.ar\/sitio\/incendio-por-falla-electrica-afecto-a-un-vehiculo-estacionado-en-calle-ansaloni\/","title":{"rendered":"Incendio por falla el\u00e9ctrica afect\u00f3 a un veh\u00edculo estacionado en calle Ansaloni"},"content":{"rendered":"<!-- VideographyWP Plugin Message: Automatic video embedding prevented by plugin options. -->\n\n<p>Un <strong>Ford Escort ardi\u00f3 en la v\u00eda p\u00fablica<\/strong> durante la noche del s\u00e1bado en calle Ansaloni. <strong>Bomberos y polic\u00eda actuaron r\u00e1pidamente<\/strong> y no hubo heridos.<\/p>\n\n\n\n<p>En la noche del s\u00e1bado, <strong>personal policial acudi\u00f3 a calle Ansaloni al 1300<\/strong> tras un llamado al 911 que alertaba sobre <strong>un veh\u00edculo envuelto en llamas<\/strong>.<br>Al llegar, los efectivos observaron a los <strong>Bomberos Voluntarios de San Pedro trabajando intensamente<\/strong> para controlar el incendio que afectaba a un <strong>Ford Escort estacionado en la v\u00eda p\u00fablica<\/strong>.<\/p>\n\n\n\n<p>Seg\u00fan inform\u00f3 el propietario, <strong>el fuego se origin\u00f3 por una falla el\u00e9ctrica<\/strong>, sin que se registraran <strong>heridos<\/strong> ni da\u00f1os adicionales m\u00e1s all\u00e1 de los provocados en el rodado.<br>Las autoridades finalizaron las tareas una vez <strong>asegurada la zona<\/strong> y controlada la situaci\u00f3n.<\/p>\n\n\n\n<p>#SanPedro #Incendio #BomberosVoluntarios #Policia #FordEscort #Emergencias<\/p>\n","protected":false},"excerpt":{"rendered":"<p>Un Ford Escort ardi\u00f3 en la v\u00eda p\u00fablica durante la noche del s\u00e1bado en calle Ansaloni. Bomberos y polic\u00eda actuaron r\u00e1pidamente y no hubo heridos. En la noche del s\u00e1bado, personal policial acudi\u00f3 a calle Ansaloni al 1300 tras un llamado al 911 que alertaba sobre un veh\u00edculo envuelto en llamas.Al llegar, los efectivos observaron [&hellip;]<\/p>\n","protected":false},"author":4,"featured_media":145244,"comment_status":"closed","ping_status":"closed","sticky":false,"template":"","format":"standard","meta":{"om_disable_all_campaigns":false,"_jetpack_memberships_contains_paid_content":false,"footnotes":""},"categories":[2,103],"tags":[7434,7435,5101,7436,7432,7433],"class_list":["post-145243","post","type-post","status-publish","format-standard","has-post-thumbnail","hentry","category-locales","category-policiales-locales","tag-ansaloni-1300","tag-auto-en-llamas","tag-bomberos-san-pedro","tag-emergencia-911","tag-falla-electrica-auto","tag-incendio-vehiculo"],"aioseo_notices":[],"gutentor_comment":0,"jetpack_featured_media_url":"https:\/\/eldiariodesanpedro.com.ar\/sitio\/wp-content\/uploads\/2025\/11\/INCENDIO-AUTO-800x445-1.jpg","jetpack_shortlink":"https:\/\/wp.me\/p6RhLt-BMD","jetpack_sharing_enabled":true,"_links":{"self":[{"href":"https:\/\/eldiariodesanpedro.com.ar\/sitio\/wp-json\/wp\/v2\/posts\/145243","targetHints":{"allow":["GET"]}}],"collection":[{"href":"https:\/\/eldiariodesanpedro.com.ar\/sitio\/wp-json\/wp\/v2\/posts"}],"about":[{"href":"https:\/\/eldiariodesanpedro.com.ar\/sitio\/wp-json\/wp\/v2\/types\/post"}],"author":[{"embeddable":true,"href":"https:\/\/eldiariodesanpedro.com.ar\/sitio\/wp-json\/wp\/v2\/users\/4"}],"replies":[{"embeddable":true,"href":"https:\/\/eldiariodesanpedro.com.ar\/sitio\/wp-json\/wp\/v2\/comments?post=145243"}],"version-history":[{"count":1,"href":"https:\/\/eldiariodesanpedro.com.ar\/sitio\/wp-json\/wp\/v2\/posts\/145243\/revisions"}],"predecessor-version":[{"id":145245,"href":"https:\/\/eldiariodesanpedro.com.ar\/sitio\/wp-json\/wp\/v2\/posts\/145243\/revisions\/145245"}],"wp:featuredmedia":[{"embeddable":true,"href":"https:\/\/eldiariodesanpedro.com.ar\/sitio\/wp-json\/wp\/v2\/media\/145244"}],"wp:attachment":[{"href":"https:\/\/eldiariodesanpedro.com.ar\/sitio\/wp-json\/wp\/v2\/media?parent=145243"}],"wp:term":[{"taxonomy":"category","embeddable":true,"href":"https:\/\/eldiariodesanpedro.com.ar\/sitio\/wp-json\/wp\/v2\/categories?post=145243"},{"taxonomy":"post_tag","embeddable":true,"href":"https:\/\/eldiariodesanpedro.com.ar\/sitio\/wp-json\/wp\/v2\/tags?post=145243"}],"curies":[{"name":"wp","href":"https:\/\/api.w.org\/{rel}","templated":true}]}}