{"id":145230,"date":"2025-11-17T11:30:03","date_gmt":"2025-11-17T14:30:03","guid":{"rendered":"https:\/\/eldiariodesanpedro.com.ar\/sitio\/?p=145230"},"modified":"2025-11-17T12:01:17","modified_gmt":"2025-11-17T15:01:17","slug":"celebracion-del-dia-de-la-soberania-nacional-con-una-pena-popular-organizada-por-el-sec-y-la-biblioteca-obligado","status":"publish","type":"post","link":"https:\/\/eldiariodesanpedro.com.ar\/sitio\/celebracion-del-dia-de-la-soberania-nacional-con-una-pena-popular-organizada-por-el-sec-y-la-biblioteca-obligado\/","title":{"rendered":"Celebraci\u00f3n del D\u00eda de la Soberan\u00eda Nacional con una pe\u00f1a popular organizada por el SEC y la Biblioteca Obligado"},"content":{"rendered":"<!-- VideographyWP Plugin Message: Automatic video embedding prevented by plugin options. -->\n\n<p>El SEC y la Biblioteca Obligado invitan a una pe\u00f1a popular para conmemorar el D\u00eda de la Soberan\u00eda Nacional y los 180 a\u00f1os de la Vuelta de Obligado.<\/p>\n\n\n\n<p>El <strong>Sindicato de Empleados de Comercio<\/strong>, a trav\u00e9s de la <strong>Casa de la Cultura SEC \u201cFabi\u00e1n Miranda\u201d<\/strong>, junto a la <strong>Biblioteca Popular Rafael Obligado<\/strong>, se suman a la conmemoraci\u00f3n del <strong>D\u00eda de la Soberan\u00eda Nacional<\/strong>, una fecha <strong>hist\u00f3rica y significativa<\/strong> para el pa\u00eds y para nuestra comunidad.<\/p>\n\n\n\n<p>En el marco de los <strong>180 a\u00f1os de la Batalla de la Vuelta de Obligado (1845\u20132025)<\/strong>, ambas instituciones convocan a toda la comunidad a participar de una <strong>jornada cultural abierta y gratuita<\/strong>.<br>El <strong>viernes 21 de noviembre a las 18 horas<\/strong>, realizar\u00e1n una <strong>pe\u00f1a en la calle<\/strong>, frente a las sedes ubicadas en <strong>Mitre 455<\/strong>, donde habr\u00e1 m\u00fasica, baile y un espacio de encuentro para celebrar esta fecha emblem\u00e1tica de la identidad nacional.<\/p>\n\n\n\n<p>#DiaDeLaSoberania #SEC #BibliotecaObligado #Cultura #Pe\u00f1aPopular #VueltaDeObligado<\/p>\n\n\n<div class=\"wp-block-image\">\n<figure class=\"aligncenter size-full\"><img decoding=\"async\" width=\"504\" height=\"630\" data-attachment-id=\"145231\" data-permalink=\"https:\/\/eldiariodesanpedro.com.ar\/sitio\/celebracion-del-dia-de-la-soberania-nacional-con-una-pena-popular-organizada-por-el-sec-y-la-biblioteca-obligado\/sec-sobreania\/\" data-orig-file=\"https:\/\/eldiariodesanpedro.com.ar\/sitio\/wp-content\/uploads\/2025\/11\/SEC-SOBREANIA.jpeg\" data-orig-size=\"504,630\" data-comments-opened=\"0\" data-image-meta=\"{&quot;aperture&quot;:&quot;0&quot;,&quot;credit&quot;:&quot;&quot;,&quot;camera&quot;:&quot;&quot;,&quot;caption&quot;:&quot;&quot;,&quot;created_timestamp&quot;:&quot;0&quot;,&quot;copyright&quot;:&quot;&quot;,&quot;focal_length&quot;:&quot;0&quot;,&quot;iso&quot;:&quot;0&quot;,&quot;shutter_speed&quot;:&quot;0&quot;,&quot;title&quot;:&quot;&quot;,&quot;orientation&quot;:&quot;0&quot;}\" data-image-title=\"SEC-SOBREANIA\" data-image-description=\"\" data-image-caption=\"\" data-large-file=\"https:\/\/eldiariodesanpedro.com.ar\/sitio\/wp-content\/uploads\/2025\/11\/SEC-SOBREANIA.jpeg\" data-src=\"https:\/\/eldiariodesanpedro.com.ar\/sitio\/wp-content\/uploads\/2025\/11\/SEC-SOBREANIA.jpeg\" alt=\"\" class=\"wp-image-145231 lazyload\" data-srcset=\"https:\/\/eldiariodesanpedro.com.ar\/sitio\/wp-content\/uploads\/2025\/11\/SEC-SOBREANIA.jpeg 504w, https:\/\/eldiariodesanpedro.com.ar\/sitio\/wp-content\/uploads\/2025\/11\/SEC-SOBREANIA-240x300.jpeg 240w\" data-sizes=\"(max-width: 504px) 100vw, 504px\" src=\"data:image\/svg+xml;base64,PHN2ZyB3aWR0aD0iMSIgaGVpZ2h0PSIxIiB4bWxucz0iaHR0cDovL3d3dy53My5vcmcvMjAwMC9zdmciPjwvc3ZnPg==\" style=\"--smush-placeholder-width: 504px; --smush-placeholder-aspect-ratio: 504\/630;\" \/><\/figure>\n<\/div>","protected":false},"excerpt":{"rendered":"<p>El SEC y la Biblioteca Obligado invitan a una pe\u00f1a popular para conmemorar el D\u00eda de la Soberan\u00eda Nacional y los 180 a\u00f1os de la Vuelta de Obligado. El Sindicato de Empleados de Comercio, a trav\u00e9s de la Casa de la Cultura SEC \u201cFabi\u00e1n Miranda\u201d, junto a la Biblioteca Popular Rafael Obligado, se suman a [&hellip;]<\/p>\n","protected":false},"author":4,"featured_media":145233,"comment_status":"closed","ping_status":"closed","sticky":false,"template":"","format":"standard","meta":{"om_disable_all_campaigns":false,"_jetpack_memberships_contains_paid_content":false,"footnotes":""},"categories":[50,101,2],"tags":[7425,5658,1792,7215,4077,1028,674],"class_list":["post-145230","post","type-post","status-publish","format-standard","has-post-thumbnail","hentry","category-destacadas","category-interes-general-locales","category-locales","tag-180-anos","tag-biblioteca-popular-rafael-obligado","tag-cultura","tag-dia-de-la-soberania-nacional","tag-pena","tag-sec","tag-vuelta-de-obligado"],"aioseo_notices":[],"gutentor_comment":0,"jetpack_featured_media_url":"https:\/\/eldiariodesanpedro.com.ar\/sitio\/wp-content\/uploads\/2025\/11\/medida-1-34.jpg","jetpack_shortlink":"https:\/\/wp.me\/p6RhLt-BMq","jetpack_sharing_enabled":true,"_links":{"self":[{"href":"https:\/\/eldiariodesanpedro.com.ar\/sitio\/wp-json\/wp\/v2\/posts\/145230","targetHints":{"allow":["GET"]}}],"collection":[{"href":"https:\/\/eldiariodesanpedro.com.ar\/sitio\/wp-json\/wp\/v2\/posts"}],"about":[{"href":"https:\/\/eldiariodesanpedro.com.ar\/sitio\/wp-json\/wp\/v2\/types\/post"}],"author":[{"embeddable":true,"href":"https:\/\/eldiariodesanpedro.com.ar\/sitio\/wp-json\/wp\/v2\/users\/4"}],"replies":[{"embeddable":true,"href":"https:\/\/eldiariodesanpedro.com.ar\/sitio\/wp-json\/wp\/v2\/comments?post=145230"}],"version-history":[{"count":1,"href":"https:\/\/eldiariodesanpedro.com.ar\/sitio\/wp-json\/wp\/v2\/posts\/145230\/revisions"}],"predecessor-version":[{"id":145232,"href":"https:\/\/eldiariodesanpedro.com.ar\/sitio\/wp-json\/wp\/v2\/posts\/145230\/revisions\/145232"}],"wp:featuredmedia":[{"embeddable":true,"href":"https:\/\/eldiariodesanpedro.com.ar\/sitio\/wp-json\/wp\/v2\/media\/145233"}],"wp:attachment":[{"href":"https:\/\/eldiariodesanpedro.com.ar\/sitio\/wp-json\/wp\/v2\/media?parent=145230"}],"wp:term":[{"taxonomy":"category","embeddable":true,"href":"https:\/\/eldiariodesanpedro.com.ar\/sitio\/wp-json\/wp\/v2\/categories?post=145230"},{"taxonomy":"post_tag","embeddable":true,"href":"https:\/\/eldiariodesanpedro.com.ar\/sitio\/wp-json\/wp\/v2\/tags?post=145230"}],"curies":[{"name":"wp","href":"https:\/\/api.w.org\/{rel}","templated":true}]}}