{"id":14521,"date":"2017-02-10T21:09:27","date_gmt":"2017-02-11T00:09:27","guid":{"rendered":"https:\/\/eldiariodesanpedro.com.ar\/sitio\/?p=14521"},"modified":"2017-02-10T21:09:27","modified_gmt":"2017-02-11T00:09:27","slug":"baradero-allanamiento-en-la-isla-por-tenencia-ilegal-de-armas","status":"publish","type":"post","link":"https:\/\/eldiariodesanpedro.com.ar\/sitio\/baradero-allanamiento-en-la-isla-por-tenencia-ilegal-de-armas\/","title":{"rendered":"BARADERO: Allanamiento en la isla por tenencia ilegal de armas"},"content":{"rendered":"<p><!-- VideographyWP Plugin Message: Automatic video embedding prevented by plugin options. --><br \/>\nEl operativo policial se llevo a cabo en la isla, frente al puerto local. Se incautaron dos escopetas, una carabina, una pistola y proyectiles correspondiente a una de las armas. El morador de la vivienda de 24 a\u00f1os de edad fue trasladado y procesado por el delito  de tenencia ilegal de arma de fuego.  <\/p>\n<p>El allanamiento se llev\u00f3 a cabo este mi\u00e9rcoles por la tarde. Personal de la estaci\u00f3n Comunal Baradero, tras llevar a cabo tareas investigativas, obtuvo elementos de prueba que permitieron determinar que un hombre, domiciliado en secci\u00f3n quintas islas, ubicado frente al puerto de esta ciudad, tendr\u00eda en su casa armas de fuego.<\/p>\n<p>Confirmado el legajo investigativo, se solicit\u00f3 la pertinente orden de Allanamiento. La orden la dio el Juzgado de garant\u00edas en turno, obteni\u00e9ndose resultado POSITIVO, por cuanto se procedi\u00f3 a la incautaci\u00f3n de:  una escopeta de dos ca\u00f1os yuxtapuesta calibre 16, sin marca visible, una escopeta dos ca\u00f1os, marca BERNARDELI calibre 20, una carabina semi autom\u00e1tica, marca Mossberg calibre 22, una pistola marca Bersa calibre 380, con respectivo cargador  y 4 proyectiles en su interior y dos cartuchos calibre 16 recargados.<\/p>\n<p>Tambi\u00e9n se procedi\u00f3  al traslado del morador de la viviendo, siendo un joven de 24 a\u00f1os.<\/p>\n<p>A ra\u00edz del resultado obtenido, dicha persona se encuentra procesada en orden del delito TENENCIA ILEGAL DE ARMA DE FUEGO DE USO CIVIL, con intervenci\u00f3n de la fiscal\u00eda N\u00ba 8, de esta ciudad. (http:\/\/www.tulineadirecta.com)<\/p>\n","protected":false},"excerpt":{"rendered":"<p>El operativo policial se llevo a cabo en la isla, frente al puerto local. Se incautaron dos escopetas, una carabina, una pistola y proyectiles correspondiente a una de las armas. El morador de la vivienda de 24 a\u00f1os de edad fue trasladado y procesado por el delito de tenencia ilegal de arma de fuego. El [&hellip;]<\/p>\n","protected":false},"author":4,"featured_media":14522,"comment_status":"open","ping_status":"closed","sticky":false,"template":"","format":"standard","meta":{"om_disable_all_campaigns":false,"_jetpack_memberships_contains_paid_content":false,"footnotes":""},"categories":[621],"tags":[],"class_list":["post-14521","post","type-post","status-publish","format-standard","has-post-thumbnail","hentry","category-regionales"],"aioseo_notices":[],"gutentor_comment":0,"jetpack_featured_media_url":"https:\/\/eldiariodesanpedro.com.ar\/sitio\/wp-content\/uploads\/2017\/02\/rio-baradero.jpg","jetpack_shortlink":"https:\/\/wp.me\/p6RhLt-3Md","jetpack_sharing_enabled":true,"_links":{"self":[{"href":"https:\/\/eldiariodesanpedro.com.ar\/sitio\/wp-json\/wp\/v2\/posts\/14521","targetHints":{"allow":["GET"]}}],"collection":[{"href":"https:\/\/eldiariodesanpedro.com.ar\/sitio\/wp-json\/wp\/v2\/posts"}],"about":[{"href":"https:\/\/eldiariodesanpedro.com.ar\/sitio\/wp-json\/wp\/v2\/types\/post"}],"author":[{"embeddable":true,"href":"https:\/\/eldiariodesanpedro.com.ar\/sitio\/wp-json\/wp\/v2\/users\/4"}],"replies":[{"embeddable":true,"href":"https:\/\/eldiariodesanpedro.com.ar\/sitio\/wp-json\/wp\/v2\/comments?post=14521"}],"version-history":[{"count":1,"href":"https:\/\/eldiariodesanpedro.com.ar\/sitio\/wp-json\/wp\/v2\/posts\/14521\/revisions"}],"predecessor-version":[{"id":14523,"href":"https:\/\/eldiariodesanpedro.com.ar\/sitio\/wp-json\/wp\/v2\/posts\/14521\/revisions\/14523"}],"wp:featuredmedia":[{"embeddable":true,"href":"https:\/\/eldiariodesanpedro.com.ar\/sitio\/wp-json\/wp\/v2\/media\/14522"}],"wp:attachment":[{"href":"https:\/\/eldiariodesanpedro.com.ar\/sitio\/wp-json\/wp\/v2\/media?parent=14521"}],"wp:term":[{"taxonomy":"category","embeddable":true,"href":"https:\/\/eldiariodesanpedro.com.ar\/sitio\/wp-json\/wp\/v2\/categories?post=14521"},{"taxonomy":"post_tag","embeddable":true,"href":"https:\/\/eldiariodesanpedro.com.ar\/sitio\/wp-json\/wp\/v2\/tags?post=14521"}],"curies":[{"name":"wp","href":"https:\/\/api.w.org\/{rel}","templated":true}]}}