{"id":145195,"date":"2025-11-14T16:28:33","date_gmt":"2025-11-14T19:28:33","guid":{"rendered":"https:\/\/eldiariodesanpedro.com.ar\/sitio\/?p=145195"},"modified":"2026-01-24T00:46:50","modified_gmt":"2026-01-24T03:46:50","slug":"fallecio-walter-javier-lares-63-anos","status":"publish","type":"post","link":"https:\/\/eldiariodesanpedro.com.ar\/sitio\/fallecio-walter-javier-lares-63-anos\/","title":{"rendered":"Falleci\u00f3 Walter Javier Lares, 63 a\u00f1os"},"content":{"rendered":"<!-- VideographyWP Plugin Message: Automatic video embedding prevented by plugin options. -->\n\n<p>Vecinos de Santa Luc\u00eda despiden a <strong>Walter Javier Lares<\/strong>, de 63 a\u00f1os, cuyo servicio velatorio se realiza en la Sala N\u00b01 y finaliza este s\u00e1bado por la ma\u00f1ana.<\/p>\n\n\n\n<p>La comunidad de <strong>Santa Luc\u00eda<\/strong> lamenta el fallecimiento de <strong>Walter Javier Lares<\/strong>, de <strong>63 a\u00f1os<\/strong>, ocurrido recientemente.<\/p>\n\n\n\n<p>El servicio velatorio se lleva a cabo en la <strong>Sala N\u00b01 de Santa Luc\u00eda<\/strong>, ubicada en <strong>Sarmiento 536<\/strong>, bajo coordinaci\u00f3n de <strong>COOPSER Servicios Sociales<\/strong>.<\/p>\n\n\n\n<p>Seg\u00fan informaron, la atenci\u00f3n en sala ser\u00e1 <strong>hasta las 09:30 del s\u00e1bado 15 de noviembre de 2025<\/strong>. Familiares, amigos y vecinos acompa\u00f1an en este momento de dolor a sus seres queridos.<\/p>\n\n\n\n<p>#Obituario #SantaLuc\u00eda #WalterLares #ServiciosSociales #COOPSER #SanPedro #Noticias<\/p>\n","protected":false},"excerpt":{"rendered":"<p>Vecinos de Santa Luc\u00eda despiden a Walter Javier Lares, de 63 a\u00f1os, cuyo servicio velatorio se realiza en la Sala N\u00b01 y finaliza este s\u00e1bado por la ma\u00f1ana. La comunidad de Santa Luc\u00eda lamenta el fallecimiento de Walter Javier Lares, de 63 a\u00f1os, ocurrido recientemente. El servicio velatorio se lleva a cabo en la Sala [&hellip;]<\/p>\n","protected":false},"author":4,"featured_media":113757,"comment_status":"closed","ping_status":"closed","sticky":false,"template":"","format":"standard","meta":{"om_disable_all_campaigns":false,"_jetpack_memberships_contains_paid_content":false,"footnotes":""},"categories":[8424],"tags":[5113,7401,5584,7400,6402],"class_list":["post-145195","post","type-post","status-publish","format-standard","has-post-thumbnail","hentry","category-necrologicas","tag-coopser-servicios-sociales","tag-fallecimiento-santa-lucia","tag-noticias-san-pedro","tag-obituario-walter-javier-lares","tag-velatorio-sala-1"],"aioseo_notices":[],"gutentor_comment":0,"jetpack_featured_media_url":"https:\/\/eldiariodesanpedro.com.ar\/sitio\/wp-content\/uploads\/2023\/01\/necrologicas.jpg","jetpack_shortlink":"https:\/\/wp.me\/p6RhLt-BLR","jetpack_sharing_enabled":true,"_links":{"self":[{"href":"https:\/\/eldiariodesanpedro.com.ar\/sitio\/wp-json\/wp\/v2\/posts\/145195","targetHints":{"allow":["GET"]}}],"collection":[{"href":"https:\/\/eldiariodesanpedro.com.ar\/sitio\/wp-json\/wp\/v2\/posts"}],"about":[{"href":"https:\/\/eldiariodesanpedro.com.ar\/sitio\/wp-json\/wp\/v2\/types\/post"}],"author":[{"embeddable":true,"href":"https:\/\/eldiariodesanpedro.com.ar\/sitio\/wp-json\/wp\/v2\/users\/4"}],"replies":[{"embeddable":true,"href":"https:\/\/eldiariodesanpedro.com.ar\/sitio\/wp-json\/wp\/v2\/comments?post=145195"}],"version-history":[{"count":1,"href":"https:\/\/eldiariodesanpedro.com.ar\/sitio\/wp-json\/wp\/v2\/posts\/145195\/revisions"}],"predecessor-version":[{"id":145196,"href":"https:\/\/eldiariodesanpedro.com.ar\/sitio\/wp-json\/wp\/v2\/posts\/145195\/revisions\/145196"}],"wp:featuredmedia":[{"embeddable":true,"href":"https:\/\/eldiariodesanpedro.com.ar\/sitio\/wp-json\/wp\/v2\/media\/113757"}],"wp:attachment":[{"href":"https:\/\/eldiariodesanpedro.com.ar\/sitio\/wp-json\/wp\/v2\/media?parent=145195"}],"wp:term":[{"taxonomy":"category","embeddable":true,"href":"https:\/\/eldiariodesanpedro.com.ar\/sitio\/wp-json\/wp\/v2\/categories?post=145195"},{"taxonomy":"post_tag","embeddable":true,"href":"https:\/\/eldiariodesanpedro.com.ar\/sitio\/wp-json\/wp\/v2\/tags?post=145195"}],"curies":[{"name":"wp","href":"https:\/\/api.w.org\/{rel}","templated":true}]}}