{"id":145188,"date":"2025-11-13T14:17:59","date_gmt":"2025-11-13T17:17:59","guid":{"rendered":"https:\/\/eldiariodesanpedro.com.ar\/sitio\/?p=145188"},"modified":"2025-11-13T14:18:03","modified_gmt":"2025-11-13T17:18:03","slug":"un-mecanico-retuvo-un-patrullero-por-una-deuda-de-la-municipalidad-y-la-justicia-ordeno-su-restitucion","status":"publish","type":"post","link":"https:\/\/eldiariodesanpedro.com.ar\/sitio\/un-mecanico-retuvo-un-patrullero-por-una-deuda-de-la-municipalidad-y-la-justicia-ordeno-su-restitucion\/","title":{"rendered":"Un mec\u00e1nico retuvo un patrullero por una deuda de la Municipalidad y la Justicia orden\u00f3 su restituci\u00f3n"},"content":{"rendered":"<!-- VideographyWP Plugin Message: Automatic video embedding prevented by plugin options. -->\n\n<p>Un mec\u00e1nico retuvo un patrullero por una deuda impaga de la Municipalidad y la Justicia orden\u00f3 un allanamiento para recuperar el veh\u00edculo oficial.<\/p>\n\n\n\n<p>Un hecho inusual se registr\u00f3 esta semana cuando <strong>un mec\u00e1nico decidi\u00f3 retener un patrullero<\/strong> que hab\u00eda ingresado a su taller para reparaciones, debido a <strong>facturas impagas por parte de la Municipalidad<\/strong>. Ante esta situaci\u00f3n, <strong>la Justicia emiti\u00f3 una orden de allanamiento<\/strong> para recuperar el veh\u00edculo oficial.<\/p>\n\n\n\n<p>El episodio ocurri\u00f3 en un taller ubicado sobre <strong>calle Pellegrini<\/strong>, donde el propietario, resignado por la falta de pago de varios trabajos realizados, tom\u00f3 la determinaci\u00f3n de <strong>no entregar el m\u00f3vil policial<\/strong> perteneciente a uno de los destacamentos. El municipio <strong>adeuda diversas reparaciones menores<\/strong>, tanto de patrulleros como de veh\u00edculos municipales, tareas que el mismo mec\u00e1nico suele realizar de forma habitual.<\/p>\n\n\n\n<p>La Justicia consider\u00f3 que se trataba de <strong>una retenci\u00f3n indebida<\/strong> y orden\u00f3 al <strong>Juzgado de Garant\u00edas<\/strong> liberar el rodado. La diligencia fue ejecutada por Personal de Prefectura, que finalmente <strong>recuper\u00f3 el patrullero<\/strong>.<\/p>\n\n\n\n<p>El caso se produce en un contexto en el que <strong>la Municipalidad mantiene deudas con distintos proveedores<\/strong>, afectada por la <strong>crisis econ\u00f3mica<\/strong> que atraviesa la administraci\u00f3n de Cecilio Salazar, situaci\u00f3n que habria generado reclamos y protestas en diferentes sectores.<\/p>\n\n\n\n<p>#Policiales #Allanamiento #Patrullero #DeudaMunicipal #Justicia #Proveedor #CrisisMunicipal<\/p>\n","protected":false},"excerpt":{"rendered":"<p>Un mec\u00e1nico retuvo un patrullero por una deuda impaga de la Municipalidad y la Justicia orden\u00f3 un allanamiento para recuperar el veh\u00edculo oficial. Un hecho inusual se registr\u00f3 esta semana cuando un mec\u00e1nico decidi\u00f3 retener un patrullero que hab\u00eda ingresado a su taller para reparaciones, debido a facturas impagas por parte de la Municipalidad. Ante [&hellip;]<\/p>\n","protected":false},"author":4,"featured_media":145189,"comment_status":"closed","ping_status":"closed","sticky":false,"template":"","format":"standard","meta":{"om_disable_all_campaigns":false,"_jetpack_memberships_contains_paid_content":false,"footnotes":""},"categories":[50,2,103],"tags":[122,7393,7388,7390,7391,7389,787,7392],"class_list":["post-145188","post","type-post","status-publish","format-standard","has-post-thumbnail","hentry","category-destacadas","category-locales","category-policiales-locales","tag-allanamiento","tag-destacamento-policial","tag-deuda-municipal","tag-mecanico","tag-municipio-adeuda","tag-patrullero-retenido","tag-prefectura","tag-proveedor-impago"],"aioseo_notices":[],"gutentor_comment":0,"jetpack_featured_media_url":"https:\/\/eldiariodesanpedro.com.ar\/sitio\/wp-content\/uploads\/2025\/11\/medida-1-30.jpg","jetpack_shortlink":"https:\/\/wp.me\/p6RhLt-BLK","jetpack_sharing_enabled":true,"_links":{"self":[{"href":"https:\/\/eldiariodesanpedro.com.ar\/sitio\/wp-json\/wp\/v2\/posts\/145188","targetHints":{"allow":["GET"]}}],"collection":[{"href":"https:\/\/eldiariodesanpedro.com.ar\/sitio\/wp-json\/wp\/v2\/posts"}],"about":[{"href":"https:\/\/eldiariodesanpedro.com.ar\/sitio\/wp-json\/wp\/v2\/types\/post"}],"author":[{"embeddable":true,"href":"https:\/\/eldiariodesanpedro.com.ar\/sitio\/wp-json\/wp\/v2\/users\/4"}],"replies":[{"embeddable":true,"href":"https:\/\/eldiariodesanpedro.com.ar\/sitio\/wp-json\/wp\/v2\/comments?post=145188"}],"version-history":[{"count":1,"href":"https:\/\/eldiariodesanpedro.com.ar\/sitio\/wp-json\/wp\/v2\/posts\/145188\/revisions"}],"predecessor-version":[{"id":145190,"href":"https:\/\/eldiariodesanpedro.com.ar\/sitio\/wp-json\/wp\/v2\/posts\/145188\/revisions\/145190"}],"wp:featuredmedia":[{"embeddable":true,"href":"https:\/\/eldiariodesanpedro.com.ar\/sitio\/wp-json\/wp\/v2\/media\/145189"}],"wp:attachment":[{"href":"https:\/\/eldiariodesanpedro.com.ar\/sitio\/wp-json\/wp\/v2\/media?parent=145188"}],"wp:term":[{"taxonomy":"category","embeddable":true,"href":"https:\/\/eldiariodesanpedro.com.ar\/sitio\/wp-json\/wp\/v2\/categories?post=145188"},{"taxonomy":"post_tag","embeddable":true,"href":"https:\/\/eldiariodesanpedro.com.ar\/sitio\/wp-json\/wp\/v2\/tags?post=145188"}],"curies":[{"name":"wp","href":"https:\/\/api.w.org\/{rel}","templated":true}]}}