{"id":145185,"date":"2025-11-13T13:39:18","date_gmt":"2025-11-13T16:39:18","guid":{"rendered":"https:\/\/eldiariodesanpedro.com.ar\/sitio\/?p=145185"},"modified":"2025-11-13T13:39:22","modified_gmt":"2025-11-13T16:39:22","slug":"hallazgo-y-secuestro-de-una-motocicleta-robada","status":"publish","type":"post","link":"https:\/\/eldiariodesanpedro.com.ar\/sitio\/hallazgo-y-secuestro-de-una-motocicleta-robada\/","title":{"rendered":"Hallazgo y secuestro de una motocicleta robada"},"content":{"rendered":"<!-- VideographyWP Plugin Message: Automatic video embedding prevented by plugin options. -->\n\n<p>Personal del <strong>Destacamento R\u00edo Tala<\/strong> recuper\u00f3 en las \u00faltimas horas una <strong>motocicleta Honda Wave 110S<\/strong>, color rojo, que hab\u00eda sido <strong>sustra\u00edda instantes antes<\/strong> del interior de una vivienda ubicada en calle E. Arnaldo al 1000.<\/p>\n\n\n\n<p>El hallazgo ocurri\u00f3 durante una recorrida preventiva por calle <strong>Carlevarino s\/n<\/strong>, en R\u00edo Tala, donde los efectivos <strong>detectaron el rodado abandonado<\/strong> y procedieron de inmediato al <strong>secuestro<\/strong> del mismo.<\/p>\n\n\n\n<p>La propietaria, una <strong>mujer de 53 a\u00f1os<\/strong>, hab\u00eda denunciado que la moto fue robada de su domicilio apenas unos minutos antes. La <strong>fiscal\u00eda local aval\u00f3 el procedimiento policial<\/strong> y dispuso el secuestro formal y las <strong>diligencias de rigor para la restituci\u00f3n<\/strong> del veh\u00edculo a su due\u00f1a.<\/p>\n\n\n\n<p>Seguridad #Policiales #R\u00edoTala #MotoRobada #Recupero #SanPedro<\/p>\n","protected":false},"excerpt":{"rendered":"<p>Personal del Destacamento R\u00edo Tala recuper\u00f3 en las \u00faltimas horas una motocicleta Honda Wave 110S, color rojo, que hab\u00eda sido sustra\u00edda instantes antes del interior de una vivienda ubicada en calle E. Arnaldo al 1000. El hallazgo ocurri\u00f3 durante una recorrida preventiva por calle Carlevarino s\/n, en R\u00edo Tala, donde los efectivos detectaron el rodado [&hellip;]<\/p>\n","protected":false},"author":4,"featured_media":145186,"comment_status":"closed","ping_status":"closed","sticky":false,"template":"","format":"standard","meta":{"om_disable_all_campaigns":false,"_jetpack_memberships_contains_paid_content":false,"footnotes":""},"categories":[2,103],"tags":[5418,7387,7385,7384,5053,7386],"class_list":["post-145185","post","type-post","status-publish","format-standard","has-post-thumbnail","hentry","category-locales","category-policiales-locales","tag-fiscalia-local","tag-hallazgo-moto-rio-tala","tag-honda-wave-110s","tag-motocicleta-sustraida","tag-policia-san-pedro","tag-recupero-de-rodado"],"aioseo_notices":[],"gutentor_comment":0,"jetpack_featured_media_url":"https:\/\/eldiariodesanpedro.com.ar\/sitio\/wp-content\/uploads\/2025\/11\/medida-1-29.jpg","jetpack_shortlink":"https:\/\/wp.me\/p6RhLt-BLH","jetpack_sharing_enabled":true,"_links":{"self":[{"href":"https:\/\/eldiariodesanpedro.com.ar\/sitio\/wp-json\/wp\/v2\/posts\/145185","targetHints":{"allow":["GET"]}}],"collection":[{"href":"https:\/\/eldiariodesanpedro.com.ar\/sitio\/wp-json\/wp\/v2\/posts"}],"about":[{"href":"https:\/\/eldiariodesanpedro.com.ar\/sitio\/wp-json\/wp\/v2\/types\/post"}],"author":[{"embeddable":true,"href":"https:\/\/eldiariodesanpedro.com.ar\/sitio\/wp-json\/wp\/v2\/users\/4"}],"replies":[{"embeddable":true,"href":"https:\/\/eldiariodesanpedro.com.ar\/sitio\/wp-json\/wp\/v2\/comments?post=145185"}],"version-history":[{"count":1,"href":"https:\/\/eldiariodesanpedro.com.ar\/sitio\/wp-json\/wp\/v2\/posts\/145185\/revisions"}],"predecessor-version":[{"id":145187,"href":"https:\/\/eldiariodesanpedro.com.ar\/sitio\/wp-json\/wp\/v2\/posts\/145185\/revisions\/145187"}],"wp:featuredmedia":[{"embeddable":true,"href":"https:\/\/eldiariodesanpedro.com.ar\/sitio\/wp-json\/wp\/v2\/media\/145186"}],"wp:attachment":[{"href":"https:\/\/eldiariodesanpedro.com.ar\/sitio\/wp-json\/wp\/v2\/media?parent=145185"}],"wp:term":[{"taxonomy":"category","embeddable":true,"href":"https:\/\/eldiariodesanpedro.com.ar\/sitio\/wp-json\/wp\/v2\/categories?post=145185"},{"taxonomy":"post_tag","embeddable":true,"href":"https:\/\/eldiariodesanpedro.com.ar\/sitio\/wp-json\/wp\/v2\/tags?post=145185"}],"curies":[{"name":"wp","href":"https:\/\/api.w.org\/{rel}","templated":true}]}}