{"id":14518,"date":"2017-02-10T21:01:00","date_gmt":"2017-02-11T00:01:00","guid":{"rendered":"https:\/\/eldiariodesanpedro.com.ar\/sitio\/?p=14518"},"modified":"2017-02-10T21:01:00","modified_gmt":"2017-02-11T00:01:00","slug":"ramallo-vialidad-provincial-confirmo-la-repavimentacion-de-la-ruta-51-y-el-acceso-a-sanchez","status":"publish","type":"post","link":"https:\/\/eldiariodesanpedro.com.ar\/sitio\/ramallo-vialidad-provincial-confirmo-la-repavimentacion-de-la-ruta-51-y-el-acceso-a-sanchez\/","title":{"rendered":"RAMALLO: Vialidad Provincial confirm\u00f3 la repavimentaci\u00f3n de la Ruta 51 Y el acceso a S\u00e1nchez"},"content":{"rendered":"<p><!-- VideographyWP Plugin Message: Automatic video embedding prevented by plugin options. --><br \/>\nEl responsable zonal de Vialidad Provincial, Gast\u00f3n Deza, que estuvo reunido con el intendente Poletti, manifest\u00f3 esta ma\u00f1ana en radio Meta que no surgi\u00f3 ning\u00fan inconveniente y que la obra se va a realizar en los plazos previstos. Tambi\u00e9n entreg\u00f3 detalles sobre los trabajos que se van a hacer en el acceso a Villa General Savio, la posibilidad de hacer una rotonda en el cruce con el Camino de la Costa y de repavimentar el acceso a El Para\u00edso.<\/p>\n<p>De a poco, pareciera, una vieja demanda de los vecinos del partido de Ramallo, empieza a ser realidad. La primera se\u00f1al llega desde Villa General Savio. \u201cLa obra comenz\u00f3. Por ah\u00ed no se ven en el camino, porque est\u00e1n instalando el obrador, trasladando los equipos, se est\u00e1 generando un desv\u00edo para que el tr\u00e1nsito de camiones tenga por donde pasar\u2026  Est\u00e1n en la preparaci\u00f3n previa\u201d, detalla Deza, respecto a la obra de acceso a S\u00e1nchez, que ir\u00e1 desde la Autopista Nacional 9 hasta el Camino de la Costa, y ser\u00e1 ejecutada en el plazo de un a\u00f1o por la empresa Trivi\u00f1o Construcciones de Quilmes.  Respecto a las caracter\u00edsticas que tendr\u00e1 el trabajo, expres\u00f3. \u201cUna reconstrucci\u00f3n total. Se levanta todo lo que hay, se mejoran las bases y se construye, de hormig\u00f3n, todo nuevo. El ancho va a ser de 8.50mts; m\u00e1s de lo normal. Pero la demarcaci\u00f3n va a seguir siendo de 7.30mts. Es m\u00e1s ancha por las cargas de los camiones sobre la losa. Evitar\u00edan posibles roturas\u201d. Y remarc\u00f3 que por la gran cantidad de camiones que la transitan, va a ser una ruta diferente: \u201cTiene una caracter\u00edstica distinta, va a ser de hormig\u00f3n\u201d.<\/p>\n<p>  \u201cLa rotonda no est\u00e1 incluida en esta licitaci\u00f3n, pero a ra\u00edz de distintos pedidos, vamos a iniciar las gestiones para solicitarla en La Plata. Necesitamos la aprobaci\u00f3n presupuestaria. Se podr\u00eda aprovechar la obra porque los \u00edtems son los mismos, es una obra de hormig\u00f3n. Tenemos que demostrar que es algo que se necesita. Nosotros que somos de ac\u00e1 lo tenemos claro, pero hay que demostrarles a las autoridades que realmente es importante\u201d, dice el funcionario con relaci\u00f3n a la idea de hacer una rotonda en el cruce del Camino de la Costa y el acceso a la localidad.<\/p>\n<p>  Tambi\u00e9n se refiri\u00f3 a la posibilidad de repavimentar el acceso a El Para\u00edso. \u201cSe podr\u00eda incluir en el nuevo plan de obra para 2018 o bien hacer algo parecido a lo de la rotonda de S\u00e1nchez. Tomar uno de los tramos de la ruta N\u00b051 y solicitar el trabajo, que ser\u00eda m\u00e1s r\u00e1pido, porque tambi\u00e9n son los mismos \u00edtems\u201d.<\/p>\n<p>  La semana pasada hab\u00edan surgido algunas dudas respecto al comienzo de los trabajos sobre la ruta 51. \u201cPor lo que habl\u00e9 con la Administraci\u00f3n General de Vialidad, a fines de febrero se estar\u00eda firmando el contrato y a fines de marzo comenzando las tareas. Por el momento, no tenemos informaci\u00f3n de que haya surgido alg\u00fan problema en ninguno de los tramos. Creemos que va todo sobre rieles\u201d, aclar\u00f3 Deza. Y record\u00f3 c\u00f3mo va a ser el trabajo que se va a realizar. \u201cSe van a intervenir las bases, va a tener un espesor importante, pero a diferencia del acceso a S\u00e1nchez, la \u00faltima capa de la ruta 51 va a tener un asfalto modificado, una tecnolog\u00eda nueva, m\u00e1s moderna. Pero va a ser asfalto, no hormig\u00f3n\u201d. Dentro del partido de Ramallo, las obras sobre la ruta 51 van a estar divididas en dos secciones. Una la va a ejecutar la empresa Luciano S.A. y la otra Equimac S.A. (http:\/\/www.metafm.com.ar)<\/p>\n","protected":false},"excerpt":{"rendered":"<p>El responsable zonal de Vialidad Provincial, Gast\u00f3n Deza, que estuvo reunido con el intendente Poletti, manifest\u00f3 esta ma\u00f1ana en radio Meta que no surgi\u00f3 ning\u00fan inconveniente y que la obra se va a realizar en los plazos previstos. Tambi\u00e9n entreg\u00f3 detalles sobre los trabajos que se van a hacer en el acceso a Villa General [&hellip;]<\/p>\n","protected":false},"author":4,"featured_media":14519,"comment_status":"open","ping_status":"closed","sticky":false,"template":"","format":"standard","meta":{"om_disable_all_campaigns":false,"_jetpack_memberships_contains_paid_content":false,"footnotes":""},"categories":[621],"tags":[],"class_list":["post-14518","post","type-post","status-publish","format-standard","has-post-thumbnail","hentry","category-regionales"],"aioseo_notices":[],"gutentor_comment":0,"jetpack_featured_media_url":"https:\/\/eldiariodesanpedro.com.ar\/sitio\/wp-content\/uploads\/2017\/02\/Poletti-junto-Deza..jpg","jetpack_shortlink":"https:\/\/wp.me\/p6RhLt-3Ma","jetpack_sharing_enabled":true,"_links":{"self":[{"href":"https:\/\/eldiariodesanpedro.com.ar\/sitio\/wp-json\/wp\/v2\/posts\/14518","targetHints":{"allow":["GET"]}}],"collection":[{"href":"https:\/\/eldiariodesanpedro.com.ar\/sitio\/wp-json\/wp\/v2\/posts"}],"about":[{"href":"https:\/\/eldiariodesanpedro.com.ar\/sitio\/wp-json\/wp\/v2\/types\/post"}],"author":[{"embeddable":true,"href":"https:\/\/eldiariodesanpedro.com.ar\/sitio\/wp-json\/wp\/v2\/users\/4"}],"replies":[{"embeddable":true,"href":"https:\/\/eldiariodesanpedro.com.ar\/sitio\/wp-json\/wp\/v2\/comments?post=14518"}],"version-history":[{"count":1,"href":"https:\/\/eldiariodesanpedro.com.ar\/sitio\/wp-json\/wp\/v2\/posts\/14518\/revisions"}],"predecessor-version":[{"id":14520,"href":"https:\/\/eldiariodesanpedro.com.ar\/sitio\/wp-json\/wp\/v2\/posts\/14518\/revisions\/14520"}],"wp:featuredmedia":[{"embeddable":true,"href":"https:\/\/eldiariodesanpedro.com.ar\/sitio\/wp-json\/wp\/v2\/media\/14519"}],"wp:attachment":[{"href":"https:\/\/eldiariodesanpedro.com.ar\/sitio\/wp-json\/wp\/v2\/media?parent=14518"}],"wp:term":[{"taxonomy":"category","embeddable":true,"href":"https:\/\/eldiariodesanpedro.com.ar\/sitio\/wp-json\/wp\/v2\/categories?post=14518"},{"taxonomy":"post_tag","embeddable":true,"href":"https:\/\/eldiariodesanpedro.com.ar\/sitio\/wp-json\/wp\/v2\/tags?post=14518"}],"curies":[{"name":"wp","href":"https:\/\/api.w.org\/{rel}","templated":true}]}}