{"id":14513,"date":"2017-02-10T20:54:25","date_gmt":"2017-02-10T23:54:25","guid":{"rendered":"https:\/\/eldiariodesanpedro.com.ar\/sitio\/?p=14513"},"modified":"2017-02-10T20:54:25","modified_gmt":"2017-02-10T23:54:25","slug":"el-municipio-podria-implementar-la-figura-de-arresto","status":"publish","type":"post","link":"https:\/\/eldiariodesanpedro.com.ar\/sitio\/el-municipio-podria-implementar-la-figura-de-arresto\/","title":{"rendered":"El municipio podr\u00eda implementar la figura de \u201carresto\u201d"},"content":{"rendered":"<p><!-- VideographyWP Plugin Message: Automatic video embedding prevented by plugin options. --><br \/>\nLa medida que est\u00e1 contemplada Ley Nacional de Tr\u00e1nsito y hasta el momento nunca se ha implementado en la ciudad, aunque el Juez de Faltas local tiene facultad de imponerla.<\/p>\n<p>En ese sentido, el Dr. Fabi\u00e1n Rodr\u00edguez explic\u00f3 que \u201cla medida es para brindarle mayor seguridad a los inspectores de tr\u00e1nsito nosotros lo que queremos es que puedan trabajar tranquilos\u201d. Adem\u00e1s \u201csi sucede algo, el qu\u00e9 termina perjudicado es el mismo vecino que va a tener que pagar una indemnizaci\u00f3n\u201d.<\/p>\n<p>\u201cEs lo que tenemos que hacer frente al nivel de violencia que estamos viendo en los procedimientos que se ha lesionado al Director de Tr\u00e1nsito y a los inspectores, la semana pasada fueron arrollados y esas cuestiones no pueden ser toleradas\u201d, sostuvo Rodr\u00edguez.<\/p>\n<p>\u201cEstamos evaluando poner la figura de arresto, que es la que est\u00e1 contemplada la Ley Nacional de Tr\u00e1nsito, donde tengo la facultad de imponer en el orden de 1 a 60 d\u00edas de acuerdo a la edad y caso\u201d, sostuvo el magistrado.<\/p>\n<p>Y ejemplific\u00f3: \u201cUn motociclista se accidenta alcoholizado, a los 6 meses vuelve a protagonizar un accidente y ah\u00ed se le retiene la licencia. A los dos meses vuelve a ser controlado con alcoholemia y sin el carnet de conducir ya, esa persona merecer\u00eda una medida como una arresto\u201d.<\/p>\n<p>Al tiempo que se\u00f1al\u00f3: \u201cEsto no es una decisi\u00f3n ya tomada, lo he conversado con el Intendente y lo va a evaluar. Iba a ver la opini\u00f3n de todos los miembros del gabinete antes de tomar la decisi\u00f3n\u201d.<\/p>\n<p>En tanto que explic\u00f3 que se necesita un lugar preparado espec\u00edficamente para desarrollar la tarea. \u201cSi no tengo un lugar establecido no lo voy a imponer porque no quiero mandar a alguien Aunque lo puedo hacer hoy mismo juntando con gente que tenga delitos penales\u201d, asever\u00f3.<\/p>\n","protected":false},"excerpt":{"rendered":"<p>La medida que est\u00e1 contemplada Ley Nacional de Tr\u00e1nsito y hasta el momento nunca se ha implementado en la ciudad, aunque el Juez de Faltas local tiene facultad de imponerla. En ese sentido, el Dr. Fabi\u00e1n Rodr\u00edguez explic\u00f3 que \u201cla medida es para brindarle mayor seguridad a los inspectores de tr\u00e1nsito nosotros lo que queremos [&hellip;]<\/p>\n","protected":false},"author":4,"featured_media":265,"comment_status":"open","ping_status":"closed","sticky":false,"template":"","format":"standard","meta":{"om_disable_all_campaigns":false,"_jetpack_memberships_contains_paid_content":false,"footnotes":""},"categories":[2,102],"tags":[],"class_list":["post-14513","post","type-post","status-publish","format-standard","has-post-thumbnail","hentry","category-locales","category-politica-locales"],"aioseo_notices":[],"gutentor_comment":0,"jetpack_featured_media_url":"https:\/\/eldiariodesanpedro.com.ar\/sitio\/wp-content\/uploads\/2015\/11\/Municipalidad-11.jpg","jetpack_shortlink":"https:\/\/wp.me\/p6RhLt-3M5","jetpack_sharing_enabled":true,"_links":{"self":[{"href":"https:\/\/eldiariodesanpedro.com.ar\/sitio\/wp-json\/wp\/v2\/posts\/14513","targetHints":{"allow":["GET"]}}],"collection":[{"href":"https:\/\/eldiariodesanpedro.com.ar\/sitio\/wp-json\/wp\/v2\/posts"}],"about":[{"href":"https:\/\/eldiariodesanpedro.com.ar\/sitio\/wp-json\/wp\/v2\/types\/post"}],"author":[{"embeddable":true,"href":"https:\/\/eldiariodesanpedro.com.ar\/sitio\/wp-json\/wp\/v2\/users\/4"}],"replies":[{"embeddable":true,"href":"https:\/\/eldiariodesanpedro.com.ar\/sitio\/wp-json\/wp\/v2\/comments?post=14513"}],"version-history":[{"count":1,"href":"https:\/\/eldiariodesanpedro.com.ar\/sitio\/wp-json\/wp\/v2\/posts\/14513\/revisions"}],"predecessor-version":[{"id":14514,"href":"https:\/\/eldiariodesanpedro.com.ar\/sitio\/wp-json\/wp\/v2\/posts\/14513\/revisions\/14514"}],"wp:featuredmedia":[{"embeddable":true,"href":"https:\/\/eldiariodesanpedro.com.ar\/sitio\/wp-json\/wp\/v2\/media\/265"}],"wp:attachment":[{"href":"https:\/\/eldiariodesanpedro.com.ar\/sitio\/wp-json\/wp\/v2\/media?parent=14513"}],"wp:term":[{"taxonomy":"category","embeddable":true,"href":"https:\/\/eldiariodesanpedro.com.ar\/sitio\/wp-json\/wp\/v2\/categories?post=14513"},{"taxonomy":"post_tag","embeddable":true,"href":"https:\/\/eldiariodesanpedro.com.ar\/sitio\/wp-json\/wp\/v2\/tags?post=14513"}],"curies":[{"name":"wp","href":"https:\/\/api.w.org\/{rel}","templated":true}]}}