{"id":145100,"date":"2025-11-11T13:08:30","date_gmt":"2025-11-11T16:08:30","guid":{"rendered":"https:\/\/eldiariodesanpedro.com.ar\/sitio\/?p=145100"},"modified":"2025-11-11T13:08:35","modified_gmt":"2025-11-11T16:08:35","slug":"operativos-de-documentacion-en-san-pedro","status":"publish","type":"post","link":"https:\/\/eldiariodesanpedro.com.ar\/sitio\/operativos-de-documentacion-en-san-pedro\/","title":{"rendered":"Operativos de documentaci\u00f3n en San Pedro"},"content":{"rendered":"<!-- VideographyWP Plugin Message: Automatic video embedding prevented by plugin options. -->\n\n<p>Nuevas jornadas de atenci\u00f3n para realizar tr\u00e1mites de DNI y documentaci\u00f3n se llevar\u00e1n a cabo desde el 17 de noviembre en distintos puntos de la ciudad.<\/p>\n\n\n\n<p>La <strong>Municipalidad de San Pedro<\/strong>, en articulaci\u00f3n con el <strong>Registro Provincial de las Personas<\/strong>, anunci\u00f3 la realizaci\u00f3n de <strong>nuevos operativos de documentaci\u00f3n<\/strong>, destinados a facilitar el acceso a tr\u00e1mites esenciales para vecinos y vecinas de distintos barrios.<\/p>\n\n\n\n<p>Las jornadas se desarrollar\u00e1n <strong>del 17 al 20 de noviembre<\/strong>, en el horario de <strong>10 a 15 horas<\/strong>, acercando el servicio a instituciones y centros comunitarios de la ciudad. El <strong>lunes 17<\/strong>, la atenci\u00f3n ser\u00e1 en el <strong>Hospital Subzonal Dr. Emilio Ruffa<\/strong> (25 de Mayo 1901). El <strong>martes 18<\/strong>, el operativo continuar\u00e1 en el <strong>Centro Integrador Comunitario (CIC)<\/strong>, ubicado en Hermano Indio y Casella. El <strong>mi\u00e9rcoles 19<\/strong>, los tr\u00e1mites podr\u00e1n realizarse en el <strong>SUM del Barrio Depietri<\/strong> (calle 66 y San Mart\u00edn). Finalmente, el <strong>jueves 20<\/strong>, la jornada tendr\u00e1 lugar en el <strong>Centro de Salud Canaletas<\/strong> (Juan Ismael Gim\u00e9nez 1600).<\/p>\n\n\n\n<p>Durante los operativos se podr\u00e1n gestionar <strong>DNI<\/strong>, <strong>solicitud de partidas<\/strong>, <strong>certificados de domicilio y extrav\u00edo<\/strong>, <strong>Certificado de Pre-Identificaci\u00f3n (CPI)<\/strong>, <strong>empadronamiento de personas extranjeras<\/strong> e <strong>inicio de tr\u00e1mite de cambio de g\u00e9nero<\/strong>.<\/p>\n\n\n\n<p>Todos los tr\u00e1mites ser\u00e1n <strong>gratuitos<\/strong>, en el marco del trabajo conjunto entre la <strong>Provincia y el Municipio<\/strong>, que busca <strong>promover la inclusi\u00f3n<\/strong>, garantizar el <strong>derecho a la identidad<\/strong> y <strong>acercar el Estado a cada barrio<\/strong>.<\/p>\n\n\n\n<p>#SanPedro #OperativosDeDocumentaci\u00f3n #DNI #DerechoALaIdentidad #ProvinciaBA #MunicipalidadDeSanPedro #TramitesGratuitos<\/p>\n\n\n\n<div class=\"wp-block-jetpack-slideshow aligncenter\" data-effect=\"slide\"><div class=\"wp-block-jetpack-slideshow_container swiper-container\"><ul class=\"wp-block-jetpack-slideshow_swiper-wrapper swiper-wrapper\"><li class=\"wp-block-jetpack-slideshow_slide swiper-slide\"><figure><img decoding=\"async\" width=\"630\" height=\"630\" alt=\"\" class=\"wp-block-jetpack-slideshow_image wp-image-145102 lazyload\" data-id=\"145102\" data-src=\"https:\/\/eldiariodesanpedro.com.ar\/sitio\/wp-content\/uploads\/2025\/11\/Imagen-de-WhatsApp-2025-11-11-a-las-10.06.10_e562a411.jpg\" data-srcset=\"https:\/\/eldiariodesanpedro.com.ar\/sitio\/wp-content\/uploads\/2025\/11\/Imagen-de-WhatsApp-2025-11-11-a-las-10.06.10_e562a411.jpg 630w, https:\/\/eldiariodesanpedro.com.ar\/sitio\/wp-content\/uploads\/2025\/11\/Imagen-de-WhatsApp-2025-11-11-a-las-10.06.10_e562a411-300x300.jpg 300w, https:\/\/eldiariodesanpedro.com.ar\/sitio\/wp-content\/uploads\/2025\/11\/Imagen-de-WhatsApp-2025-11-11-a-las-10.06.10_e562a411-150x150.jpg 150w\" data-sizes=\"(max-width: 630px) 100vw, 630px\" src=\"data:image\/svg+xml;base64,PHN2ZyB3aWR0aD0iMSIgaGVpZ2h0PSIxIiB4bWxucz0iaHR0cDovL3d3dy53My5vcmcvMjAwMC9zdmciPjwvc3ZnPg==\" style=\"--smush-placeholder-width: 630px; --smush-placeholder-aspect-ratio: 630\/630;\" \/><\/figure><\/li><li class=\"wp-block-jetpack-slideshow_slide swiper-slide\"><figure><img decoding=\"async\" width=\"630\" height=\"630\" alt=\"\" class=\"wp-block-jetpack-slideshow_image wp-image-145101 lazyload\" data-id=\"145101\" data-src=\"https:\/\/eldiariodesanpedro.com.ar\/sitio\/wp-content\/uploads\/2025\/11\/Imagen-de-WhatsApp-2025-11-11-a-las-10.06.10_f4dd19ff.jpg\" data-srcset=\"https:\/\/eldiariodesanpedro.com.ar\/sitio\/wp-content\/uploads\/2025\/11\/Imagen-de-WhatsApp-2025-11-11-a-las-10.06.10_f4dd19ff.jpg 630w, https:\/\/eldiariodesanpedro.com.ar\/sitio\/wp-content\/uploads\/2025\/11\/Imagen-de-WhatsApp-2025-11-11-a-las-10.06.10_f4dd19ff-300x300.jpg 300w, https:\/\/eldiariodesanpedro.com.ar\/sitio\/wp-content\/uploads\/2025\/11\/Imagen-de-WhatsApp-2025-11-11-a-las-10.06.10_f4dd19ff-150x150.jpg 150w\" data-sizes=\"(max-width: 630px) 100vw, 630px\" src=\"data:image\/svg+xml;base64,PHN2ZyB3aWR0aD0iMSIgaGVpZ2h0PSIxIiB4bWxucz0iaHR0cDovL3d3dy53My5vcmcvMjAwMC9zdmciPjwvc3ZnPg==\" style=\"--smush-placeholder-width: 630px; --smush-placeholder-aspect-ratio: 630\/630;\" \/><\/figure><\/li><\/ul><a class=\"wp-block-jetpack-slideshow_button-prev swiper-button-prev swiper-button-white\" role=\"button\"><\/a><a class=\"wp-block-jetpack-slideshow_button-next swiper-button-next swiper-button-white\" role=\"button\"><\/a><a aria-label=\"Pause Slideshow\" class=\"wp-block-jetpack-slideshow_button-pause\" role=\"button\"><\/a><div class=\"wp-block-jetpack-slideshow_pagination swiper-pagination swiper-pagination-white\"><\/div><\/div><\/div>\n","protected":false},"excerpt":{"rendered":"<p>Nuevas jornadas de atenci\u00f3n para realizar tr\u00e1mites de DNI y documentaci\u00f3n se llevar\u00e1n a cabo desde el 17 de noviembre en distintos puntos de la ciudad. La Municipalidad de San Pedro, en articulaci\u00f3n con el Registro Provincial de las Personas, anunci\u00f3 la realizaci\u00f3n de nuevos operativos de documentaci\u00f3n, destinados a facilitar el acceso a tr\u00e1mites [&hellip;]<\/p>\n","protected":false},"author":4,"featured_media":144289,"comment_status":"closed","ping_status":"closed","sticky":false,"template":"","format":"standard","meta":{"om_disable_all_campaigns":false,"_jetpack_memberships_contains_paid_content":false,"footnotes":""},"categories":[101,2],"tags":[7322,537,3878,7321,6281,7324,7323],"class_list":["post-145100","post","type-post","status-publish","format-standard","has-post-thumbnail","hentry","category-interes-general-locales","category-locales","tag-dni-san-pedro","tag-identidad","tag-inclusion","tag-operativos-de-documentacion","tag-registro-provincial-de-las-personas","tag-servicios-del-estado","tag-tramites-gratuitos"],"aioseo_notices":[],"gutentor_comment":0,"jetpack_featured_media_url":"https:\/\/eldiariodesanpedro.com.ar\/sitio\/wp-content\/uploads\/2025\/10\/Imagen-de-WhatsApp-2025-10-09-a-las-13.32.38_17712b6e.jpg","jetpack_shortlink":"https:\/\/wp.me\/p6RhLt-BKk","jetpack_sharing_enabled":true,"_links":{"self":[{"href":"https:\/\/eldiariodesanpedro.com.ar\/sitio\/wp-json\/wp\/v2\/posts\/145100","targetHints":{"allow":["GET"]}}],"collection":[{"href":"https:\/\/eldiariodesanpedro.com.ar\/sitio\/wp-json\/wp\/v2\/posts"}],"about":[{"href":"https:\/\/eldiariodesanpedro.com.ar\/sitio\/wp-json\/wp\/v2\/types\/post"}],"author":[{"embeddable":true,"href":"https:\/\/eldiariodesanpedro.com.ar\/sitio\/wp-json\/wp\/v2\/users\/4"}],"replies":[{"embeddable":true,"href":"https:\/\/eldiariodesanpedro.com.ar\/sitio\/wp-json\/wp\/v2\/comments?post=145100"}],"version-history":[{"count":1,"href":"https:\/\/eldiariodesanpedro.com.ar\/sitio\/wp-json\/wp\/v2\/posts\/145100\/revisions"}],"predecessor-version":[{"id":145103,"href":"https:\/\/eldiariodesanpedro.com.ar\/sitio\/wp-json\/wp\/v2\/posts\/145100\/revisions\/145103"}],"wp:featuredmedia":[{"embeddable":true,"href":"https:\/\/eldiariodesanpedro.com.ar\/sitio\/wp-json\/wp\/v2\/media\/144289"}],"wp:attachment":[{"href":"https:\/\/eldiariodesanpedro.com.ar\/sitio\/wp-json\/wp\/v2\/media?parent=145100"}],"wp:term":[{"taxonomy":"category","embeddable":true,"href":"https:\/\/eldiariodesanpedro.com.ar\/sitio\/wp-json\/wp\/v2\/categories?post=145100"},{"taxonomy":"post_tag","embeddable":true,"href":"https:\/\/eldiariodesanpedro.com.ar\/sitio\/wp-json\/wp\/v2\/tags?post=145100"}],"curies":[{"name":"wp","href":"https:\/\/api.w.org\/{rel}","templated":true}]}}