{"id":14510,"date":"2017-02-10T20:51:31","date_gmt":"2017-02-10T23:51:31","guid":{"rendered":"https:\/\/eldiariodesanpedro.com.ar\/sitio\/?p=14510"},"modified":"2017-02-10T20:51:31","modified_gmt":"2017-02-10T23:51:31","slug":"incendio-en-un-volquete","status":"publish","type":"post","link":"https:\/\/eldiariodesanpedro.com.ar\/sitio\/incendio-en-un-volquete\/","title":{"rendered":"Incendio en un volquete"},"content":{"rendered":"<p><!-- VideographyWP Plugin Message: Automatic video embedding prevented by plugin options. --><br \/>\nUna dotaci\u00f3n del cuerpo de Bomberos Voluntarios debi\u00f3 intervenir pasada las 16.30 de esta tarde en un incendio que se produjo en un volquete en inmediaciones del jard\u00edn 902.<\/p>\n<p>Con una l\u00ednea de ataque se logr\u00f3 sofocar las intensas llamas que all\u00ed se hab\u00edan generado sobre la basura. el fuego da\u00f1\u00f3 el contenedor y adem\u00e1s un \u00e1rbol.<\/p>\n<p>Vecinos de la zona afirmaron que el siniestro fue iniciado por j\u00f3venes con la sola intenci\u00f3n de provocar da\u00f1os. <\/p>\n","protected":false},"excerpt":{"rendered":"<p>Una dotaci\u00f3n del cuerpo de Bomberos Voluntarios debi\u00f3 intervenir pasada las 16.30 de esta tarde en un incendio que se produjo en un volquete en inmediaciones del jard\u00edn 902. Con una l\u00ednea de ataque se logr\u00f3 sofocar las intensas llamas que all\u00ed se hab\u00edan generado sobre la basura. el fuego da\u00f1\u00f3 el contenedor y adem\u00e1s [&hellip;]<\/p>\n","protected":false},"author":4,"featured_media":14511,"comment_status":"open","ping_status":"closed","sticky":false,"template":"","format":"standard","meta":{"om_disable_all_campaigns":false,"_jetpack_memberships_contains_paid_content":false,"footnotes":""},"categories":[101,2],"tags":[],"class_list":["post-14510","post","type-post","status-publish","format-standard","has-post-thumbnail","hentry","category-interes-general-locales","category-locales"],"aioseo_notices":[],"gutentor_comment":0,"jetpack_featured_media_url":"https:\/\/eldiariodesanpedro.com.ar\/sitio\/wp-content\/uploads\/2017\/02\/Las-tareas-de-bomberos-en-el-lugar.jpg","jetpack_shortlink":"https:\/\/wp.me\/p6RhLt-3M2","jetpack_sharing_enabled":true,"_links":{"self":[{"href":"https:\/\/eldiariodesanpedro.com.ar\/sitio\/wp-json\/wp\/v2\/posts\/14510","targetHints":{"allow":["GET"]}}],"collection":[{"href":"https:\/\/eldiariodesanpedro.com.ar\/sitio\/wp-json\/wp\/v2\/posts"}],"about":[{"href":"https:\/\/eldiariodesanpedro.com.ar\/sitio\/wp-json\/wp\/v2\/types\/post"}],"author":[{"embeddable":true,"href":"https:\/\/eldiariodesanpedro.com.ar\/sitio\/wp-json\/wp\/v2\/users\/4"}],"replies":[{"embeddable":true,"href":"https:\/\/eldiariodesanpedro.com.ar\/sitio\/wp-json\/wp\/v2\/comments?post=14510"}],"version-history":[{"count":1,"href":"https:\/\/eldiariodesanpedro.com.ar\/sitio\/wp-json\/wp\/v2\/posts\/14510\/revisions"}],"predecessor-version":[{"id":14512,"href":"https:\/\/eldiariodesanpedro.com.ar\/sitio\/wp-json\/wp\/v2\/posts\/14510\/revisions\/14512"}],"wp:featuredmedia":[{"embeddable":true,"href":"https:\/\/eldiariodesanpedro.com.ar\/sitio\/wp-json\/wp\/v2\/media\/14511"}],"wp:attachment":[{"href":"https:\/\/eldiariodesanpedro.com.ar\/sitio\/wp-json\/wp\/v2\/media?parent=14510"}],"wp:term":[{"taxonomy":"category","embeddable":true,"href":"https:\/\/eldiariodesanpedro.com.ar\/sitio\/wp-json\/wp\/v2\/categories?post=14510"},{"taxonomy":"post_tag","embeddable":true,"href":"https:\/\/eldiariodesanpedro.com.ar\/sitio\/wp-json\/wp\/v2\/tags?post=14510"}],"curies":[{"name":"wp","href":"https:\/\/api.w.org\/{rel}","templated":true}]}}