{"id":145089,"date":"2025-11-11T11:56:21","date_gmt":"2025-11-11T14:56:21","guid":{"rendered":"https:\/\/eldiariodesanpedro.com.ar\/sitio\/?p=145089"},"modified":"2025-11-11T11:56:26","modified_gmt":"2025-11-11T14:56:26","slug":"descubren-una-carta-inedita-de-domingo-faustino-sarmiento-en-san-pedro","status":"publish","type":"post","link":"https:\/\/eldiariodesanpedro.com.ar\/sitio\/descubren-una-carta-inedita-de-domingo-faustino-sarmiento-en-san-pedro\/","title":{"rendered":"Descubren una carta in\u00e9dita de Domingo Faustino Sarmiento en San Pedro"},"content":{"rendered":"<!-- VideographyWP Plugin Message: Automatic video embedding prevented by plugin options. -->\n\n<p>El Museo Paleontol\u00f3gico hall\u00f3 una carta original escrita por Sarmiento en 1856, dirigida al Juez de Paz de San Pedro, donde fija el per\u00edodo de vacaciones escolares.<\/p>\n\n\n\n<p>Una <strong>carta in\u00e9dita de Domingo Faustino Sarmiento<\/strong>, fechada en <strong>1856<\/strong>, fue descubierta por el <strong>Museo Paleontol\u00f3gico \u201cFray Manuel de Torres\u201d<\/strong> durante las tareas de digitalizaci\u00f3n del archivo hist\u00f3rico del <strong>antiguo Juzgado de Paz de San Pedro<\/strong>. El documento, de <strong>169 a\u00f1os de antig\u00fcedad<\/strong>, se encuentra en excelente estado de conservaci\u00f3n y su contenido es <strong>claramente legible<\/strong>, incluyendo la firma original del <strong>\u201cMaestro de Am\u00e9rica\u201d<\/strong>.<\/p>\n\n\n\n<p>La misiva est\u00e1 dirigida al <strong>Juez de Paz de San Pedro<\/strong> y fue escrita cuando Sarmiento se desempe\u00f1aba como <strong>Jefe del Departamento de Escuelas<\/strong> de la Provincia de Buenos Aires. En ella, el educador informa la decisi\u00f3n oficial sobre la duraci\u00f3n del receso escolar para las escuelas p\u00fablicas del distrito.<\/p>\n\n\n\n<p>El texto completo dice:<\/p>\n\n\n\n<p><em>\u201cDepartamento de Escuelas<br>Buenos Aires, Noviembre 28 de 1856<br>Al Sr. Juez de Paz y Presidente de la Municipalidad de San Pedro<br>Pongo en conocimiento a Ud. para que se sirva transmitirlo a quien corresponda, que las pr\u00f3ximas vacaciones de las escuelas p\u00fablicas de varones, deber\u00e1n ser de cuarenta d\u00edas consecutivos, contados desde el 21 de diciembre pr\u00f3ximo hasta fin de enero del a\u00f1o entrante.<br>Dios guarde a Ud. muchos a\u00f1os<br>Domingo Faustino Sarmiento\u201d<\/em><\/p>\n\n\n\n<p>El hallazgo fue realizado por el <strong>Grupo Conservacionista de San Pedro<\/strong>, que desde 2020 lleva adelante un <strong>convenio con el Municipio y la Suprema Corte de Justicia de la Provincia<\/strong>, mediante el cual el Museo Paleontol\u00f3gico conserva y digitaliza la mayor parte del <strong>patrimonio documental hist\u00f3rico<\/strong> de la ciudad, con el fin de facilitar su consulta y evitar el deterioro de los documentos originales.<\/p>\n\n\n\n<p>Desde la Direcci\u00f3n del museo, <strong>Jos\u00e9 Luis Aguilar<\/strong> destac\u00f3 el valor hist\u00f3rico del descubrimiento:<br><strong>\u201cEs una reliquia escrita de pu\u00f1o y letra por una de las figuras m\u00e1s influyentes de la educaci\u00f3n argentina. Este documento nos devuelve a los primeros meses de Sarmiento en su cargo, cuando comenzaba a trazar las pol\u00edticas que m\u00e1s tarde desembocar\u00edan en la Ley 1420 y en la fundaci\u00f3n de cientos de escuelas\u201d<\/strong>, expres\u00f3.<\/p>\n\n\n\n<p>La carta fue encontrada junto a otra nota en la que se comunicaba al Juez de Paz <strong>Tom\u00e1s Obligado<\/strong> el nombramiento de Sarmiento en su cargo, lo que permite ubicar cronol\u00f3gicamente el documento como una de sus <strong>primeras disposiciones administrativas<\/strong> al frente del sistema educativo provincial.<\/p>\n\n\n\n<p>#Sarmiento #HistoriaArgentina #SanPedro #MuseoPaleontol\u00f3gico #Educaci\u00f3n #DocumentoHist\u00f3rico #Patrimonio<\/p>\n\n\n\n<div class=\"wp-block-jetpack-slideshow aligncenter\" data-effect=\"slide\"><div class=\"wp-block-jetpack-slideshow_container swiper-container\"><ul class=\"wp-block-jetpack-slideshow_swiper-wrapper swiper-wrapper\"><li class=\"wp-block-jetpack-slideshow_slide swiper-slide\"><figure><img decoding=\"async\" width=\"796\" height=\"630\" alt=\"\" class=\"wp-block-jetpack-slideshow_image wp-image-145092 lazyload\" data-id=\"145092\" data-src=\"https:\/\/eldiariodesanpedro.com.ar\/sitio\/wp-content\/uploads\/2025\/11\/CARTA-1.jpg\" data-srcset=\"https:\/\/eldiariodesanpedro.com.ar\/sitio\/wp-content\/uploads\/2025\/11\/CARTA-1.jpg 796w, https:\/\/eldiariodesanpedro.com.ar\/sitio\/wp-content\/uploads\/2025\/11\/CARTA-1-300x237.jpg 300w, https:\/\/eldiariodesanpedro.com.ar\/sitio\/wp-content\/uploads\/2025\/11\/CARTA-1-768x608.jpg 768w\" data-sizes=\"(max-width: 796px) 100vw, 796px\" src=\"data:image\/svg+xml;base64,PHN2ZyB3aWR0aD0iMSIgaGVpZ2h0PSIxIiB4bWxucz0iaHR0cDovL3d3dy53My5vcmcvMjAwMC9zdmciPjwvc3ZnPg==\" style=\"--smush-placeholder-width: 796px; --smush-placeholder-aspect-ratio: 796\/630;\" \/><\/figure><\/li><li class=\"wp-block-jetpack-slideshow_slide swiper-slide\"><figure><img decoding=\"async\" width=\"785\" height=\"630\" alt=\"\" class=\"wp-block-jetpack-slideshow_image wp-image-145094 lazyload\" data-id=\"145094\" data-src=\"https:\/\/eldiariodesanpedro.com.ar\/sitio\/wp-content\/uploads\/2025\/11\/CARTA-3.jpg\" data-srcset=\"https:\/\/eldiariodesanpedro.com.ar\/sitio\/wp-content\/uploads\/2025\/11\/CARTA-3.jpg 785w, https:\/\/eldiariodesanpedro.com.ar\/sitio\/wp-content\/uploads\/2025\/11\/CARTA-3-300x241.jpg 300w, https:\/\/eldiariodesanpedro.com.ar\/sitio\/wp-content\/uploads\/2025\/11\/CARTA-3-768x616.jpg 768w\" data-sizes=\"(max-width: 785px) 100vw, 785px\" src=\"data:image\/svg+xml;base64,PHN2ZyB3aWR0aD0iMSIgaGVpZ2h0PSIxIiB4bWxucz0iaHR0cDovL3d3dy53My5vcmcvMjAwMC9zdmciPjwvc3ZnPg==\" style=\"--smush-placeholder-width: 785px; --smush-placeholder-aspect-ratio: 785\/630;\" \/><\/figure><\/li><li class=\"wp-block-jetpack-slideshow_slide swiper-slide\"><figure><img decoding=\"async\" width=\"691\" height=\"630\" alt=\"\" class=\"wp-block-jetpack-slideshow_image wp-image-145093 lazyload\" data-id=\"145093\" data-src=\"https:\/\/eldiariodesanpedro.com.ar\/sitio\/wp-content\/uploads\/2025\/11\/IMG_20251110_153536238.jpg\" data-srcset=\"https:\/\/eldiariodesanpedro.com.ar\/sitio\/wp-content\/uploads\/2025\/11\/IMG_20251110_153536238.jpg 691w, https:\/\/eldiariodesanpedro.com.ar\/sitio\/wp-content\/uploads\/2025\/11\/IMG_20251110_153536238-300x274.jpg 300w\" data-sizes=\"(max-width: 691px) 100vw, 691px\" src=\"data:image\/svg+xml;base64,PHN2ZyB3aWR0aD0iMSIgaGVpZ2h0PSIxIiB4bWxucz0iaHR0cDovL3d3dy53My5vcmcvMjAwMC9zdmciPjwvc3ZnPg==\" style=\"--smush-placeholder-width: 691px; --smush-placeholder-aspect-ratio: 691\/630;\" \/><\/figure><\/li><li class=\"wp-block-jetpack-slideshow_slide swiper-slide\"><figure><img decoding=\"async\" width=\"420\" height=\"630\" alt=\"\" class=\"wp-block-jetpack-slideshow_image wp-image-145091 lazyload\" data-id=\"145091\" data-src=\"https:\/\/eldiariodesanpedro.com.ar\/sitio\/wp-content\/uploads\/2025\/11\/RECREACION-CON-IA.jpg\" data-srcset=\"https:\/\/eldiariodesanpedro.com.ar\/sitio\/wp-content\/uploads\/2025\/11\/RECREACION-CON-IA.jpg 420w, https:\/\/eldiariodesanpedro.com.ar\/sitio\/wp-content\/uploads\/2025\/11\/RECREACION-CON-IA-200x300.jpg 200w, https:\/\/eldiariodesanpedro.com.ar\/sitio\/wp-content\/uploads\/2025\/11\/RECREACION-CON-IA-400x600.jpg 400w\" data-sizes=\"(max-width: 420px) 100vw, 420px\" src=\"data:image\/svg+xml;base64,PHN2ZyB3aWR0aD0iMSIgaGVpZ2h0PSIxIiB4bWxucz0iaHR0cDovL3d3dy53My5vcmcvMjAwMC9zdmciPjwvc3ZnPg==\" style=\"--smush-placeholder-width: 420px; --smush-placeholder-aspect-ratio: 420\/630;\" \/><\/figure><\/li><\/ul><a class=\"wp-block-jetpack-slideshow_button-prev swiper-button-prev swiper-button-white\" role=\"button\"><\/a><a class=\"wp-block-jetpack-slideshow_button-next swiper-button-next swiper-button-white\" role=\"button\"><\/a><a aria-label=\"Pause Slideshow\" class=\"wp-block-jetpack-slideshow_button-pause\" role=\"button\"><\/a><div class=\"wp-block-jetpack-slideshow_pagination swiper-pagination swiper-pagination-white\"><\/div><\/div><\/div>\n","protected":false},"excerpt":{"rendered":"<p>El Museo Paleontol\u00f3gico hall\u00f3 una carta original escrita por Sarmiento en 1856, dirigida al Juez de Paz de San Pedro, donde fija el per\u00edodo de vacaciones escolares. Una carta in\u00e9dita de Domingo Faustino Sarmiento, fechada en 1856, fue descubierta por el Museo Paleontol\u00f3gico \u201cFray Manuel de Torres\u201d durante las tareas de digitalizaci\u00f3n del archivo hist\u00f3rico [&hellip;]<\/p>\n","protected":false},"author":4,"featured_media":145090,"comment_status":"closed","ping_status":"closed","sticky":false,"template":"","format":"standard","meta":{"om_disable_all_campaigns":false,"_jetpack_memberships_contains_paid_content":false,"footnotes":""},"categories":[50,101,2],"tags":[7313,7312,7311,7310,6737,1744,6678,7314],"class_list":["post-145089","post","type-post","status-publish","format-standard","has-post-thumbnail","hentry","category-destacadas","category-interes-general-locales","category-locales","tag-7313","tag-archivo-historico","tag-carta-inedita","tag-domingo-faustino-sarmiento","tag-educacion-argentina","tag-juzgado-de-paz","tag-museo-paleontologico-san-pedro","tag-vacaciones-escolares"],"aioseo_notices":[],"gutentor_comment":0,"jetpack_featured_media_url":"https:\/\/eldiariodesanpedro.com.ar\/sitio\/wp-content\/uploads\/2025\/11\/medida-1-16.jpg","jetpack_shortlink":"https:\/\/wp.me\/p6RhLt-BK9","jetpack_sharing_enabled":true,"_links":{"self":[{"href":"https:\/\/eldiariodesanpedro.com.ar\/sitio\/wp-json\/wp\/v2\/posts\/145089","targetHints":{"allow":["GET"]}}],"collection":[{"href":"https:\/\/eldiariodesanpedro.com.ar\/sitio\/wp-json\/wp\/v2\/posts"}],"about":[{"href":"https:\/\/eldiariodesanpedro.com.ar\/sitio\/wp-json\/wp\/v2\/types\/post"}],"author":[{"embeddable":true,"href":"https:\/\/eldiariodesanpedro.com.ar\/sitio\/wp-json\/wp\/v2\/users\/4"}],"replies":[{"embeddable":true,"href":"https:\/\/eldiariodesanpedro.com.ar\/sitio\/wp-json\/wp\/v2\/comments?post=145089"}],"version-history":[{"count":1,"href":"https:\/\/eldiariodesanpedro.com.ar\/sitio\/wp-json\/wp\/v2\/posts\/145089\/revisions"}],"predecessor-version":[{"id":145095,"href":"https:\/\/eldiariodesanpedro.com.ar\/sitio\/wp-json\/wp\/v2\/posts\/145089\/revisions\/145095"}],"wp:featuredmedia":[{"embeddable":true,"href":"https:\/\/eldiariodesanpedro.com.ar\/sitio\/wp-json\/wp\/v2\/media\/145090"}],"wp:attachment":[{"href":"https:\/\/eldiariodesanpedro.com.ar\/sitio\/wp-json\/wp\/v2\/media?parent=145089"}],"wp:term":[{"taxonomy":"category","embeddable":true,"href":"https:\/\/eldiariodesanpedro.com.ar\/sitio\/wp-json\/wp\/v2\/categories?post=145089"},{"taxonomy":"post_tag","embeddable":true,"href":"https:\/\/eldiariodesanpedro.com.ar\/sitio\/wp-json\/wp\/v2\/tags?post=145089"}],"curies":[{"name":"wp","href":"https:\/\/api.w.org\/{rel}","templated":true}]}}