{"id":145074,"date":"2025-11-11T10:17:01","date_gmt":"2025-11-11T13:17:01","guid":{"rendered":"https:\/\/eldiariodesanpedro.com.ar\/sitio\/?p=145074"},"modified":"2025-11-11T10:17:06","modified_gmt":"2025-11-11T13:17:06","slug":"aprehendido-un-hombre-con-captura-activa-fue-notificado-y-debera-presentarse-ante-la-justicia","status":"publish","type":"post","link":"https:\/\/eldiariodesanpedro.com.ar\/sitio\/aprehendido-un-hombre-con-captura-activa-fue-notificado-y-debera-presentarse-ante-la-justicia\/","title":{"rendered":"Aprehendido un hombre con captura activa: fue notificado y deber\u00e1 presentarse ante la Justicia"},"content":{"rendered":"<!-- VideographyWP Plugin Message: Automatic video embedding prevented by plugin options. -->\n\n<p>Un hombre de 39 a\u00f1os fue detenido en un control policial al constatarse que ten\u00eda una <strong>captura activa<\/strong>. Fue notificado y qued\u00f3 en libertad con comparendo.<\/p>\n\n\n\n<p>En la tarde del lunes, <strong>personal de UTOI<\/strong> que realizaba recorridas preventivas en la intersecci\u00f3n de <strong>La Laguna y Cucit<\/strong> procedi\u00f3 a la <strong>aprehensi\u00f3n de un hombre de 39 a\u00f1os<\/strong>, tras confirmar que <strong>registraba una captura activa<\/strong> por un <strong>Incidente de Atenuaci\u00f3n de la Coerci\u00f3n<\/strong>, solicitada por el <strong>Tribunal Criminal N\u00b0 2 de San Nicol\u00e1s<\/strong>.<\/p>\n\n\n\n<p>Luego de su traslado a la dependencia policial y de cumplimentarse las actuaciones correspondientes, <strong>el magistrado interviniente dispuso su liberaci\u00f3n<\/strong>, previa <strong>notificaci\u00f3n de comparendo<\/strong> para que el aprehendido <strong>regularice su situaci\u00f3n judicial<\/strong> ante la autoridad competente.<\/p>\n\n\n\n<p>La intervenci\u00f3n se enmarca en las tareas de <strong>prevenci\u00f3n y control<\/strong> que se desarrollan en distintos puntos de la ciudad.<\/p>\n\n\n\n<p>Policiales #Seguridad #Aprehensi\u00f3n #SanPedro #Operativos #Prevenci\u00f3n<\/p>\n\n\n\n<figure class=\"wp-block-image size-full\"><img decoding=\"async\" width=\"420\" height=\"560\" data-attachment-id=\"145076\" data-permalink=\"https:\/\/eldiariodesanpedro.com.ar\/sitio\/aprehendido-un-hombre-con-captura-activa-fue-notificado-y-debera-presentarse-ante-la-justicia\/2-179\/\" data-orig-file=\"https:\/\/eldiariodesanpedro.com.ar\/sitio\/wp-content\/uploads\/2025\/11\/2.jpg\" data-orig-size=\"420,560\" data-comments-opened=\"0\" data-image-meta=\"{&quot;aperture&quot;:&quot;0&quot;,&quot;credit&quot;:&quot;&quot;,&quot;camera&quot;:&quot;&quot;,&quot;caption&quot;:&quot;&quot;,&quot;created_timestamp&quot;:&quot;0&quot;,&quot;copyright&quot;:&quot;&quot;,&quot;focal_length&quot;:&quot;0&quot;,&quot;iso&quot;:&quot;0&quot;,&quot;shutter_speed&quot;:&quot;0&quot;,&quot;title&quot;:&quot;&quot;,&quot;orientation&quot;:&quot;0&quot;}\" data-image-title=\"2\" data-image-description=\"\" data-image-caption=\"\" data-large-file=\"https:\/\/eldiariodesanpedro.com.ar\/sitio\/wp-content\/uploads\/2025\/11\/2.jpg\" data-src=\"https:\/\/eldiariodesanpedro.com.ar\/sitio\/wp-content\/uploads\/2025\/11\/2.jpg\" alt=\"\" class=\"wp-image-145076 lazyload\" data-srcset=\"https:\/\/eldiariodesanpedro.com.ar\/sitio\/wp-content\/uploads\/2025\/11\/2.jpg 420w, https:\/\/eldiariodesanpedro.com.ar\/sitio\/wp-content\/uploads\/2025\/11\/2-225x300.jpg 225w\" data-sizes=\"(max-width: 420px) 100vw, 420px\" src=\"data:image\/svg+xml;base64,PHN2ZyB3aWR0aD0iMSIgaGVpZ2h0PSIxIiB4bWxucz0iaHR0cDovL3d3dy53My5vcmcvMjAwMC9zdmciPjwvc3ZnPg==\" style=\"--smush-placeholder-width: 420px; --smush-placeholder-aspect-ratio: 420\/560;\" \/><\/figure>\n","protected":false},"excerpt":{"rendered":"<p>Un hombre de 39 a\u00f1os fue detenido en un control policial al constatarse que ten\u00eda una captura activa. Fue notificado y qued\u00f3 en libertad con comparendo. En la tarde del lunes, personal de UTOI que realizaba recorridas preventivas en la intersecci\u00f3n de La Laguna y Cucit procedi\u00f3 a la aprehensi\u00f3n de un hombre de 39 [&hellip;]<\/p>\n","protected":false},"author":4,"featured_media":145075,"comment_status":"closed","ping_status":"closed","sticky":false,"template":"","format":"standard","meta":{"om_disable_all_campaigns":false,"_jetpack_memberships_contains_paid_content":false,"footnotes":""},"categories":[2,103],"tags":[3597,7303,7305,260,7302,7304],"class_list":["post-145074","post","type-post","status-publish","format-standard","has-post-thumbnail","hentry","category-locales","category-policiales-locales","tag-aprehension-2","tag-captura-activa","tag-comparendo-judicial","tag-policia","tag-tribunal-criminal-2","tag-utoi-san-pedro"],"aioseo_notices":[],"gutentor_comment":0,"jetpack_featured_media_url":"https:\/\/eldiariodesanpedro.com.ar\/sitio\/wp-content\/uploads\/2025\/11\/medida-1-13.jpg","jetpack_shortlink":"https:\/\/wp.me\/p6RhLt-BJU","jetpack_sharing_enabled":true,"_links":{"self":[{"href":"https:\/\/eldiariodesanpedro.com.ar\/sitio\/wp-json\/wp\/v2\/posts\/145074","targetHints":{"allow":["GET"]}}],"collection":[{"href":"https:\/\/eldiariodesanpedro.com.ar\/sitio\/wp-json\/wp\/v2\/posts"}],"about":[{"href":"https:\/\/eldiariodesanpedro.com.ar\/sitio\/wp-json\/wp\/v2\/types\/post"}],"author":[{"embeddable":true,"href":"https:\/\/eldiariodesanpedro.com.ar\/sitio\/wp-json\/wp\/v2\/users\/4"}],"replies":[{"embeddable":true,"href":"https:\/\/eldiariodesanpedro.com.ar\/sitio\/wp-json\/wp\/v2\/comments?post=145074"}],"version-history":[{"count":1,"href":"https:\/\/eldiariodesanpedro.com.ar\/sitio\/wp-json\/wp\/v2\/posts\/145074\/revisions"}],"predecessor-version":[{"id":145077,"href":"https:\/\/eldiariodesanpedro.com.ar\/sitio\/wp-json\/wp\/v2\/posts\/145074\/revisions\/145077"}],"wp:featuredmedia":[{"embeddable":true,"href":"https:\/\/eldiariodesanpedro.com.ar\/sitio\/wp-json\/wp\/v2\/media\/145075"}],"wp:attachment":[{"href":"https:\/\/eldiariodesanpedro.com.ar\/sitio\/wp-json\/wp\/v2\/media?parent=145074"}],"wp:term":[{"taxonomy":"category","embeddable":true,"href":"https:\/\/eldiariodesanpedro.com.ar\/sitio\/wp-json\/wp\/v2\/categories?post=145074"},{"taxonomy":"post_tag","embeddable":true,"href":"https:\/\/eldiariodesanpedro.com.ar\/sitio\/wp-json\/wp\/v2\/tags?post=145074"}],"curies":[{"name":"wp","href":"https:\/\/api.w.org\/{rel}","templated":true}]}}