{"id":145053,"date":"2025-11-10T12:50:53","date_gmt":"2025-11-10T15:50:53","guid":{"rendered":"https:\/\/eldiariodesanpedro.com.ar\/sitio\/?p=145053"},"modified":"2025-11-10T12:50:57","modified_gmt":"2025-11-10T15:50:57","slug":"condenan-a-9-anos-al-ex-fiscal-regional-patricio-serjal-por-asociacion-ilicita-vinculada-al-juego-clandestino","status":"publish","type":"post","link":"https:\/\/eldiariodesanpedro.com.ar\/sitio\/condenan-a-9-anos-al-ex-fiscal-regional-patricio-serjal-por-asociacion-ilicita-vinculada-al-juego-clandestino\/","title":{"rendered":"Condenan a 9 a\u00f1os al ex fiscal regional Patricio Serjal por asociaci\u00f3n il\u00edcita vinculada al juego clandestino"},"content":{"rendered":"<!-- VideographyWP Plugin Message: Automatic video embedding prevented by plugin options. -->\n\n<p>La Justicia provincial sentenci\u00f3 a Patricio Serjal a 9 a\u00f1os de prisi\u00f3n tras demostrar su rol en una red que brindaba protecci\u00f3n judicial al juego clandestino.<\/p>\n\n\n\n<p>La <strong>Justicia provincial<\/strong> conden\u00f3 este viernes, en el marco de un juicio oral, al <strong>ex fiscal regional Patricio Serjal (48)<\/strong> a <strong>9 a\u00f1os de prisi\u00f3n<\/strong> por el delito de <strong>asociaci\u00f3n il\u00edcita en calidad de organizador<\/strong>, en el marco de una causa que investiga una red vinculada al <strong>juego clandestino<\/strong> en la provincia.<\/p>\n\n\n\n<p>Durante el proceso, el fiscal <strong>Jos\u00e9 Luis Caterina<\/strong> expuso c\u00f3mo Serjal habr\u00eda brindado <strong>cobertura judicial<\/strong> a una estructura ilegal que operaba en el territorio provincial. Dentro de la misma causa, tambi\u00e9n fue juzgado <strong>Leandro Ugolini (38)<\/strong>, acusado de <strong>integrar la asociaci\u00f3n il\u00edcita<\/strong> que usufructuaba la recaudaci\u00f3n de estas maniobras il\u00edcitas.<\/p>\n\n\n\n<p>Los testimonios clave provinieron de <strong>Leonardo Peiti<\/strong> y del ex fiscal <strong>Gustavo Ponce Asahad<\/strong>, quienes <strong>declararon como arrepentidos<\/strong> e involucraron directamente a Serjal en la red delictiva.<\/p>\n\n\n\n<p>Cabe recordar que Serjal lleg\u00f3 al juicio en <strong>libertad<\/strong>, luego de que se le revocara la prisi\u00f3n domiciliaria que cumpl\u00eda previamente.<\/p>\n\n\n\n<p>Consultado tras la sentencia, el fiscal Caterina explic\u00f3 que se decidi\u00f3 avanzar con este tramo de la causa porque los imputados <strong>\u00abestaban en condiciones de ir a juicio desde julio de 2023\u00bb<\/strong>. En relaci\u00f3n a otros involucrados, se\u00f1al\u00f3 que el proceso <strong>continuar\u00e1<\/strong> y que la situaci\u00f3n del senador <strong>Armando Traferri<\/strong>, imputado meses atr\u00e1s, deber\u00e1 resolverse en etapas posteriores.<\/p>\n\n\n\n<p>La sentencia marca un <strong>precedente judicial<\/strong> significativo en una causa que puso en evidencia los lazos entre <strong>referentes judiciales<\/strong> y <strong>estructuras ilegales de juego<\/strong> en la provincia.<\/p>\n\n\n\n<p>Justicia #JuegoClandestino #Condena #CausaSerjal #Judiciales<\/p>\n","protected":false},"excerpt":{"rendered":"<p>La Justicia provincial sentenci\u00f3 a Patricio Serjal a 9 a\u00f1os de prisi\u00f3n tras demostrar su rol en una red que brindaba protecci\u00f3n judicial al juego clandestino. La Justicia provincial conden\u00f3 este viernes, en el marco de un juicio oral, al ex fiscal regional Patricio Serjal (48) a 9 a\u00f1os de prisi\u00f3n por el delito de [&hellip;]<\/p>\n","protected":false},"author":4,"featured_media":145054,"comment_status":"closed","ping_status":"closed","sticky":false,"template":"","format":"standard","meta":{"om_disable_all_campaigns":false,"_jetpack_memberships_contains_paid_content":false,"footnotes":""},"categories":[50,101,2],"tags":[6168,6205,7291,6169,7289,7290,7292,1735],"class_list":["post-145053","post","type-post","status-publish","format-standard","has-post-thumbnail","hentry","category-destacadas","category-interes-general-locales","category-locales","tag-asociacion-ilicita","tag-condena-judicial","tag-gustavo-ponce-asahad","tag-jose-luis-caterina","tag-juego-clandestino","tag-leandro-ugolini","tag-leonardo-peiti","tag-patricio-serjal"],"aioseo_notices":[],"gutentor_comment":0,"jetpack_featured_media_url":"https:\/\/eldiariodesanpedro.com.ar\/sitio\/wp-content\/uploads\/2025\/11\/0000023669-resized-960x540-1.jpg","jetpack_shortlink":"https:\/\/wp.me\/p6RhLt-BJz","jetpack_sharing_enabled":true,"_links":{"self":[{"href":"https:\/\/eldiariodesanpedro.com.ar\/sitio\/wp-json\/wp\/v2\/posts\/145053","targetHints":{"allow":["GET"]}}],"collection":[{"href":"https:\/\/eldiariodesanpedro.com.ar\/sitio\/wp-json\/wp\/v2\/posts"}],"about":[{"href":"https:\/\/eldiariodesanpedro.com.ar\/sitio\/wp-json\/wp\/v2\/types\/post"}],"author":[{"embeddable":true,"href":"https:\/\/eldiariodesanpedro.com.ar\/sitio\/wp-json\/wp\/v2\/users\/4"}],"replies":[{"embeddable":true,"href":"https:\/\/eldiariodesanpedro.com.ar\/sitio\/wp-json\/wp\/v2\/comments?post=145053"}],"version-history":[{"count":1,"href":"https:\/\/eldiariodesanpedro.com.ar\/sitio\/wp-json\/wp\/v2\/posts\/145053\/revisions"}],"predecessor-version":[{"id":145055,"href":"https:\/\/eldiariodesanpedro.com.ar\/sitio\/wp-json\/wp\/v2\/posts\/145053\/revisions\/145055"}],"wp:featuredmedia":[{"embeddable":true,"href":"https:\/\/eldiariodesanpedro.com.ar\/sitio\/wp-json\/wp\/v2\/media\/145054"}],"wp:attachment":[{"href":"https:\/\/eldiariodesanpedro.com.ar\/sitio\/wp-json\/wp\/v2\/media?parent=145053"}],"wp:term":[{"taxonomy":"category","embeddable":true,"href":"https:\/\/eldiariodesanpedro.com.ar\/sitio\/wp-json\/wp\/v2\/categories?post=145053"},{"taxonomy":"post_tag","embeddable":true,"href":"https:\/\/eldiariodesanpedro.com.ar\/sitio\/wp-json\/wp\/v2\/tags?post=145053"}],"curies":[{"name":"wp","href":"https:\/\/api.w.org\/{rel}","templated":true}]}}