{"id":14505,"date":"2017-02-10T20:45:57","date_gmt":"2017-02-10T23:45:57","guid":{"rendered":"https:\/\/eldiariodesanpedro.com.ar\/sitio\/?p=14505"},"modified":"2017-02-10T20:45:57","modified_gmt":"2017-02-10T23:45:57","slug":"inician-la-tareas-de-control-de-plaga-de-cotorras","status":"publish","type":"post","link":"https:\/\/eldiariodesanpedro.com.ar\/sitio\/inician-la-tareas-de-control-de-plaga-de-cotorras\/","title":{"rendered":"Inician la tareas de control de plaga de cotorras"},"content":{"rendered":"<p><!-- VideographyWP Plugin Message: Automatic video embedding prevented by plugin options. --><br \/>\nLa Subsecretaria de Desarrollo Econ\u00f3mico de la Municipalidad de San Pedro, en virtud de los reclamos puestos de manifiesto por productores independientes y las entidades que los representan, ha dispuesto comenzar con los trabajos para el control de la plaga de cotorras.<\/p>\n<p>La iniciativa fue planteada desde la Comisi\u00f3n de Lucha contra Plagas del Partido de San Pedro, que fuera renovada en el mes de octubre de 2016.<\/p>\n<p>La tarea ser\u00e1 realizada por el Sr. Javier Garc\u00eda, plaguista matriculado,   corriendo el 50 % de los costos por parte de los fondos que maneja la Comisi\u00f3n, siendo los mismos  origen municipal y proviniendo de recursos especialmente preservados para este tipo de actividades. Mientras que el 50 % restante quedar\u00e1 a cargo del particular.<\/p>\n<p>La Comisi\u00f3n ha evaluado la problem\u00e1tica en diferentes zonas y en virtud de su complejidad ha decidido comenzar por la Circunscripci\u00f3n IV Secci\u00f3n Rural correspondiente a la Localidad de R\u00edo Tala, por tal motivo todos aquellos productores que se vean afectados y que se encuentren dentro de la misma podr\u00e1n registrarse en las oficinas de la Subsecretaria de Desarrollo Econ\u00f3mico, Mitre 327 Planta Alta y en la Sociedad Rural de San Pedro 25 de mayo 410.<\/p>\n","protected":false},"excerpt":{"rendered":"<p>La Subsecretaria de Desarrollo Econ\u00f3mico de la Municipalidad de San Pedro, en virtud de los reclamos puestos de manifiesto por productores independientes y las entidades que los representan, ha dispuesto comenzar con los trabajos para el control de la plaga de cotorras. La iniciativa fue planteada desde la Comisi\u00f3n de Lucha contra Plagas del Partido [&hellip;]<\/p>\n","protected":false},"author":4,"featured_media":14506,"comment_status":"open","ping_status":"closed","sticky":false,"template":"","format":"standard","meta":{"om_disable_all_campaigns":false,"_jetpack_memberships_contains_paid_content":false,"footnotes":""},"categories":[101,2],"tags":[],"class_list":["post-14505","post","type-post","status-publish","format-standard","has-post-thumbnail","hentry","category-interes-general-locales","category-locales"],"aioseo_notices":[],"gutentor_comment":0,"jetpack_featured_media_url":"https:\/\/eldiariodesanpedro.com.ar\/sitio\/wp-content\/uploads\/2017\/02\/plaga-cotorra.jpg","jetpack_shortlink":"https:\/\/wp.me\/p6RhLt-3LX","jetpack_sharing_enabled":true,"_links":{"self":[{"href":"https:\/\/eldiariodesanpedro.com.ar\/sitio\/wp-json\/wp\/v2\/posts\/14505","targetHints":{"allow":["GET"]}}],"collection":[{"href":"https:\/\/eldiariodesanpedro.com.ar\/sitio\/wp-json\/wp\/v2\/posts"}],"about":[{"href":"https:\/\/eldiariodesanpedro.com.ar\/sitio\/wp-json\/wp\/v2\/types\/post"}],"author":[{"embeddable":true,"href":"https:\/\/eldiariodesanpedro.com.ar\/sitio\/wp-json\/wp\/v2\/users\/4"}],"replies":[{"embeddable":true,"href":"https:\/\/eldiariodesanpedro.com.ar\/sitio\/wp-json\/wp\/v2\/comments?post=14505"}],"version-history":[{"count":1,"href":"https:\/\/eldiariodesanpedro.com.ar\/sitio\/wp-json\/wp\/v2\/posts\/14505\/revisions"}],"predecessor-version":[{"id":14507,"href":"https:\/\/eldiariodesanpedro.com.ar\/sitio\/wp-json\/wp\/v2\/posts\/14505\/revisions\/14507"}],"wp:featuredmedia":[{"embeddable":true,"href":"https:\/\/eldiariodesanpedro.com.ar\/sitio\/wp-json\/wp\/v2\/media\/14506"}],"wp:attachment":[{"href":"https:\/\/eldiariodesanpedro.com.ar\/sitio\/wp-json\/wp\/v2\/media?parent=14505"}],"wp:term":[{"taxonomy":"category","embeddable":true,"href":"https:\/\/eldiariodesanpedro.com.ar\/sitio\/wp-json\/wp\/v2\/categories?post=14505"},{"taxonomy":"post_tag","embeddable":true,"href":"https:\/\/eldiariodesanpedro.com.ar\/sitio\/wp-json\/wp\/v2\/tags?post=14505"}],"curies":[{"name":"wp","href":"https:\/\/api.w.org\/{rel}","templated":true}]}}