{"id":145038,"date":"2025-11-10T10:19:21","date_gmt":"2025-11-10T13:19:21","guid":{"rendered":"https:\/\/eldiariodesanpedro.com.ar\/sitio\/?p=145038"},"modified":"2025-11-10T10:19:25","modified_gmt":"2025-11-10T13:19:25","slug":"concejales-radicales-piden-revisar-y-posible-rescindir-el-contrato-con-cecaitra-por-el-servicio-de-fotomultas","status":"publish","type":"post","link":"https:\/\/eldiariodesanpedro.com.ar\/sitio\/concejales-radicales-piden-revisar-y-posible-rescindir-el-contrato-con-cecaitra-por-el-servicio-de-fotomultas\/","title":{"rendered":"Concejales radicales piden revisar y posible rescindir el contrato con CECAITRA por el servicio de fotomultas"},"content":{"rendered":"<!-- VideographyWP Plugin Message: Automatic video embedding prevented by plugin options. -->\n\n<p>El bloque de la UCR solicit\u00f3 al Ejecutivo evaluar la continuidad del contrato con CECAITRA, tras observaciones del Tribunal de Cuentas y causas judiciales en curso.<\/p>\n\n\n\n<p>El bloque de concejales de la <strong>Uni\u00f3n C\u00edvica Radical (UCR)<\/strong> del Partido de San Pedro present\u00f3 un <strong>proyecto de resoluci\u00f3n<\/strong> ante el Honorable Concejo Deliberante solicitando al Departamento Ejecutivo Municipal que <strong>eval\u00fae la viabilidad y eventual rescisi\u00f3n del contrato<\/strong> de prestaci\u00f3n de servicio de Prevenci\u00f3n, Control y Fiscalizaci\u00f3n de Tr\u00e1nsito y Seguridad Vial, adjudicado a la empresa <strong>CECAITRA<\/strong>, responsable del sistema de fotomultas en el distrito.<\/p>\n\n\n\n<p>La iniciativa fue impulsada por los ediles <strong>Paola Basso, Lucas Pisani, Hugo Binimelis y Yanina Batalla<\/strong>, quienes fundamentaron su pedido en <strong>presuntas irregularidades y observaciones<\/strong> realizadas por organismos de control provincial contra la entidad.<\/p>\n\n\n\n<p>El proyecto recuerda que la contrataci\u00f3n con <strong>CECAITRA<\/strong> (C\u00e1mara de Empresas de Control y Administraci\u00f3n de Infracciones de Tr\u00e1nsito de la Rep\u00fablica Argentina) fue <strong>convalidada mediante la Ordenanza 6661\/24<\/strong>, tras una adjudicaci\u00f3n dispuesta por <strong>Decreto 0485\/2024<\/strong>, donde la empresa result\u00f3 ser <strong>el \u00fanico oferente<\/strong>.<\/p>\n\n\n\n<p>Entre los argumentos centrales, se destacan <strong>las recientes observaciones del Honorable Tribunal de Cuentas de la Provincia de Buenos Aires (HTC)<\/strong> contra el intendente de Tigre, Julio Zamora, por la concesi\u00f3n de un servicio similar a la misma entidad.<\/p>\n\n\n\n<p>El <strong>fallo del HTC<\/strong> sostuvo que, a pesar de presentarse como <strong>asociaci\u00f3n civil sin fines de lucro<\/strong>, CECAITRA <strong>opera como una empresa concesionaria<\/strong>, proveyendo equipamiento, administrando el sistema y participando en la <strong>percepci\u00f3n de los cobros<\/strong>, sin contar con la <strong>capacidad jur\u00eddica<\/strong> necesaria para el servicio que presta.<\/p>\n\n\n\n<p>Adem\u00e1s, el bloque radical mencion\u00f3 <strong>causas judiciales activas<\/strong> en los Departamentos Judiciales de <strong>La Plata y Campana<\/strong>, donde se llevaron a cabo <strong>allanamientos a la sede de CECAITRA<\/strong> por presuntas irregularidades en facturaci\u00f3n y direccionamiento de multas. Una de esas causas deriv\u00f3 en la <strong>renuncia del exministro de Transporte provincial, Jorge D\u2019Onofrio<\/strong>, tras la presunta implicaci\u00f3n de su pareja, la concejal <strong>Claudia Pombo<\/strong>, en la derivaci\u00f3n de gestiones vinculadas al sistema.<\/p>\n\n\n\n<p>En sus art\u00edculos, la resoluci\u00f3n solicita al Ejecutivo que, <strong>previa consulta con organismos de contralor y Asesor\u00eda General de Gobierno<\/strong>, analice la <strong>viabilidad de la contrataci\u00f3n y la posible rescisi\u00f3n del convenio vigente<\/strong>.<\/p>\n\n\n\n<p>#HCD #UCR #Transito #SeguridadVial #Fotomultas #CECAITRA #Control #SanPedro<\/p>\n","protected":false},"excerpt":{"rendered":"<p>El bloque de la UCR solicit\u00f3 al Ejecutivo evaluar la continuidad del contrato con CECAITRA, tras observaciones del Tribunal de Cuentas y causas judiciales en curso. El bloque de concejales de la Uni\u00f3n C\u00edvica Radical (UCR) del Partido de San Pedro present\u00f3 un proyecto de resoluci\u00f3n ante el Honorable Concejo Deliberante solicitando al Departamento Ejecutivo [&hellip;]<\/p>\n","protected":false},"author":4,"featured_media":145039,"comment_status":"closed","ping_status":"closed","sticky":false,"template":"","format":"standard","meta":{"om_disable_all_campaigns":false,"_jetpack_memberships_contains_paid_content":false,"footnotes":""},"categories":[50,101,2],"tags":[7269,7271,7268,1304,7272,7270,5778],"class_list":["post-145038","post","type-post","status-publish","format-standard","has-post-thumbnail","hentry","category-destacadas","category-interes-general-locales","category-locales","tag-cecaitra","tag-contrato-municipal","tag-fotomultas","tag-honorable-concejo-deliberante","tag-seguridad-vial-2","tag-tribunal-de-cuentas","tag-ucr-san-pedro"],"aioseo_notices":[],"gutentor_comment":0,"jetpack_featured_media_url":"https:\/\/eldiariodesanpedro.com.ar\/sitio\/wp-content\/uploads\/2025\/11\/medida-1-8.jpg","jetpack_shortlink":"https:\/\/wp.me\/p6RhLt-BJk","jetpack_sharing_enabled":true,"_links":{"self":[{"href":"https:\/\/eldiariodesanpedro.com.ar\/sitio\/wp-json\/wp\/v2\/posts\/145038","targetHints":{"allow":["GET"]}}],"collection":[{"href":"https:\/\/eldiariodesanpedro.com.ar\/sitio\/wp-json\/wp\/v2\/posts"}],"about":[{"href":"https:\/\/eldiariodesanpedro.com.ar\/sitio\/wp-json\/wp\/v2\/types\/post"}],"author":[{"embeddable":true,"href":"https:\/\/eldiariodesanpedro.com.ar\/sitio\/wp-json\/wp\/v2\/users\/4"}],"replies":[{"embeddable":true,"href":"https:\/\/eldiariodesanpedro.com.ar\/sitio\/wp-json\/wp\/v2\/comments?post=145038"}],"version-history":[{"count":1,"href":"https:\/\/eldiariodesanpedro.com.ar\/sitio\/wp-json\/wp\/v2\/posts\/145038\/revisions"}],"predecessor-version":[{"id":145040,"href":"https:\/\/eldiariodesanpedro.com.ar\/sitio\/wp-json\/wp\/v2\/posts\/145038\/revisions\/145040"}],"wp:featuredmedia":[{"embeddable":true,"href":"https:\/\/eldiariodesanpedro.com.ar\/sitio\/wp-json\/wp\/v2\/media\/145039"}],"wp:attachment":[{"href":"https:\/\/eldiariodesanpedro.com.ar\/sitio\/wp-json\/wp\/v2\/media?parent=145038"}],"wp:term":[{"taxonomy":"category","embeddable":true,"href":"https:\/\/eldiariodesanpedro.com.ar\/sitio\/wp-json\/wp\/v2\/categories?post=145038"},{"taxonomy":"post_tag","embeddable":true,"href":"https:\/\/eldiariodesanpedro.com.ar\/sitio\/wp-json\/wp\/v2\/tags?post=145038"}],"curies":[{"name":"wp","href":"https:\/\/api.w.org\/{rel}","templated":true}]}}