{"id":145031,"date":"2025-11-10T10:07:01","date_gmt":"2025-11-10T13:07:01","guid":{"rendered":"https:\/\/eldiariodesanpedro.com.ar\/sitio\/?p=145031"},"modified":"2025-11-10T10:07:05","modified_gmt":"2025-11-10T13:07:05","slug":"presentacion-del-libro-sobre-60-anos-de-registros-agroclimaticos-de-la-eea","status":"publish","type":"post","link":"https:\/\/eldiariodesanpedro.com.ar\/sitio\/presentacion-del-libro-sobre-60-anos-de-registros-agroclimaticos-de-la-eea\/","title":{"rendered":"Presentaci\u00f3n del libro sobre 60 a\u00f1os de registros agroclim\u00e1ticos de la EEA"},"content":{"rendered":"<!-- VideographyWP Plugin Message: Automatic video embedding prevented by plugin options. -->\n\n<p>La EEA San Pedro del INTA presentar\u00e1 una publicaci\u00f3n que re\u00fane seis d\u00e9cadas de datos agroclim\u00e1ticos clave para analizar tendencias y planificar la producci\u00f3n regional.<\/p>\n\n\n\n<p>La <strong>Estaci\u00f3n Experimental Agropecuaria (EEA) San Pedro del INTA<\/strong> realizar\u00e1 este <strong>jueves 13<\/strong> la presentaci\u00f3n del libro <strong>\u201c60 a\u00f1os de registros agroclim\u00e1ticos en la EEA San Pedro (1965\u20132024): datos y tendencias\u201d<\/strong>, a las <strong>19 horas en el Bar Butti<\/strong>, con <strong>entrada libre y gratuita<\/strong>.<\/p>\n\n\n\n<p>La publicaci\u00f3n es el resultado de <strong>seis d\u00e9cadas de observaciones meteorol\u00f3gicas continuas<\/strong>, llevadas adelante por el <strong>Observatorio Agrometeorol\u00f3gico del INTA San Pedro<\/strong>, y se propone como <strong>una herramienta fundamental para la planificaci\u00f3n productiva<\/strong> de la regi\u00f3n. El volumen re\u00fane datos sistematizados sobre <strong>temperatura, precipitaciones, heladas, humedad, radiaci\u00f3n solar, viento y evaporaci\u00f3n<\/strong>, permitiendo identificar <strong>tendencias de cambio en el clima regional<\/strong> y su <strong>impacto en los sistemas productivos<\/strong>.<\/p>\n\n\n\n<p>El libro est\u00e1 orientado a <strong>productores, t\u00e9cnicos, docentes y p\u00fablico en general<\/strong>, e incluye adem\u00e1s un repaso por la historia del observatorio y el trabajo sostenido de las personas que garantizaron el registro ininterrumpido de datos durante seis d\u00e9cadas. Uno de los puntos destacados es la <strong>accesibilidad de la informaci\u00f3n<\/strong>, ya que <strong>gr\u00e1ficos y tablas cuentan con acceso interactivo<\/strong>, permitiendo explorar y analizar los datos de manera din\u00e1mica.<\/p>\n\n\n\n<p>La obra fue elaborada por <strong>Mar\u00eda Rosa Delprino y Franco L\u00e1zzari<\/strong>, con la participaci\u00f3n de <strong>Mariana Piola y Maximiliano Aballay<\/strong>. Durante la presentaci\u00f3n, se expondr\u00e1 el proceso metodol\u00f3gico de trabajo con las series hist\u00f3ricas y <strong>las conclusiones vinculadas a la adaptaci\u00f3n productiva<\/strong> frente a las variaciones clim\u00e1ticas identificadas.<\/p>\n\n\n\n<p>#INTA #EEASanPedro #Agroclima #ClimaYProducci\u00f3n #DatosHist\u00f3ricos #Investigaci\u00f3nAgropecuaria<\/p>\n\n\n\n<div class=\"wp-block-jetpack-slideshow aligncenter\" data-effect=\"slide\"><div class=\"wp-block-jetpack-slideshow_container swiper-container\"><ul class=\"wp-block-jetpack-slideshow_swiper-wrapper swiper-wrapper\"><li class=\"wp-block-jetpack-slideshow_slide swiper-slide\"><figure><img decoding=\"async\" width=\"840\" height=\"630\" alt=\"\" class=\"wp-block-jetpack-slideshow_image wp-image-145034 lazyload\" data-id=\"145034\" data-src=\"https:\/\/eldiariodesanpedro.com.ar\/sitio\/wp-content\/uploads\/2025\/11\/Imagen-de-WhatsApp-2025-11-10-a-las-08.05.23_861a1a08.jpg\" data-srcset=\"https:\/\/eldiariodesanpedro.com.ar\/sitio\/wp-content\/uploads\/2025\/11\/Imagen-de-WhatsApp-2025-11-10-a-las-08.05.23_861a1a08.jpg 840w, https:\/\/eldiariodesanpedro.com.ar\/sitio\/wp-content\/uploads\/2025\/11\/Imagen-de-WhatsApp-2025-11-10-a-las-08.05.23_861a1a08-300x225.jpg 300w, https:\/\/eldiariodesanpedro.com.ar\/sitio\/wp-content\/uploads\/2025\/11\/Imagen-de-WhatsApp-2025-11-10-a-las-08.05.23_861a1a08-768x576.jpg 768w, https:\/\/eldiariodesanpedro.com.ar\/sitio\/wp-content\/uploads\/2025\/11\/Imagen-de-WhatsApp-2025-11-10-a-las-08.05.23_861a1a08-272x204.jpg 272w\" data-sizes=\"(max-width: 840px) 100vw, 840px\" src=\"data:image\/svg+xml;base64,PHN2ZyB3aWR0aD0iMSIgaGVpZ2h0PSIxIiB4bWxucz0iaHR0cDovL3d3dy53My5vcmcvMjAwMC9zdmciPjwvc3ZnPg==\" style=\"--smush-placeholder-width: 840px; --smush-placeholder-aspect-ratio: 840\/630;\" \/><\/figure><\/li><li class=\"wp-block-jetpack-slideshow_slide swiper-slide\"><figure><img decoding=\"async\" width=\"779\" height=\"630\" alt=\"\" class=\"wp-block-jetpack-slideshow_image wp-image-145033 lazyload\" data-id=\"145033\" data-src=\"https:\/\/eldiariodesanpedro.com.ar\/sitio\/wp-content\/uploads\/2025\/11\/Imagen-de-WhatsApp-2025-11-10-a-las-08.05.24_76f04563.jpg\" data-srcset=\"https:\/\/eldiariodesanpedro.com.ar\/sitio\/wp-content\/uploads\/2025\/11\/Imagen-de-WhatsApp-2025-11-10-a-las-08.05.24_76f04563.jpg 779w, https:\/\/eldiariodesanpedro.com.ar\/sitio\/wp-content\/uploads\/2025\/11\/Imagen-de-WhatsApp-2025-11-10-a-las-08.05.24_76f04563-300x243.jpg 300w, https:\/\/eldiariodesanpedro.com.ar\/sitio\/wp-content\/uploads\/2025\/11\/Imagen-de-WhatsApp-2025-11-10-a-las-08.05.24_76f04563-768x621.jpg 768w\" data-sizes=\"(max-width: 779px) 100vw, 779px\" src=\"data:image\/svg+xml;base64,PHN2ZyB3aWR0aD0iMSIgaGVpZ2h0PSIxIiB4bWxucz0iaHR0cDovL3d3dy53My5vcmcvMjAwMC9zdmciPjwvc3ZnPg==\" style=\"--smush-placeholder-width: 779px; --smush-placeholder-aspect-ratio: 779\/630;\" \/><\/figure><\/li><li class=\"wp-block-jetpack-slideshow_slide swiper-slide\"><figure><img decoding=\"async\" width=\"840\" height=\"630\" alt=\"\" class=\"wp-block-jetpack-slideshow_image wp-image-145035 lazyload\" data-id=\"145035\" data-src=\"https:\/\/eldiariodesanpedro.com.ar\/sitio\/wp-content\/uploads\/2025\/11\/Imagen-de-WhatsApp-2025-11-10-a-las-08.05.24_86525d9a.jpg\" data-srcset=\"https:\/\/eldiariodesanpedro.com.ar\/sitio\/wp-content\/uploads\/2025\/11\/Imagen-de-WhatsApp-2025-11-10-a-las-08.05.24_86525d9a.jpg 840w, https:\/\/eldiariodesanpedro.com.ar\/sitio\/wp-content\/uploads\/2025\/11\/Imagen-de-WhatsApp-2025-11-10-a-las-08.05.24_86525d9a-300x225.jpg 300w, https:\/\/eldiariodesanpedro.com.ar\/sitio\/wp-content\/uploads\/2025\/11\/Imagen-de-WhatsApp-2025-11-10-a-las-08.05.24_86525d9a-768x576.jpg 768w, https:\/\/eldiariodesanpedro.com.ar\/sitio\/wp-content\/uploads\/2025\/11\/Imagen-de-WhatsApp-2025-11-10-a-las-08.05.24_86525d9a-272x204.jpg 272w\" data-sizes=\"(max-width: 840px) 100vw, 840px\" src=\"data:image\/svg+xml;base64,PHN2ZyB3aWR0aD0iMSIgaGVpZ2h0PSIxIiB4bWxucz0iaHR0cDovL3d3dy53My5vcmcvMjAwMC9zdmciPjwvc3ZnPg==\" style=\"--smush-placeholder-width: 840px; --smush-placeholder-aspect-ratio: 840\/630;\" \/><\/figure><\/li><li class=\"wp-block-jetpack-slideshow_slide swiper-slide\"><figure><img decoding=\"async\" width=\"840\" height=\"630\" alt=\"\" class=\"wp-block-jetpack-slideshow_image wp-image-145036 lazyload\" data-id=\"145036\" data-src=\"https:\/\/eldiariodesanpedro.com.ar\/sitio\/wp-content\/uploads\/2025\/11\/Imagen-de-WhatsApp-2025-11-10-a-las-08.05.25_7db397fe.jpg\" data-srcset=\"https:\/\/eldiariodesanpedro.com.ar\/sitio\/wp-content\/uploads\/2025\/11\/Imagen-de-WhatsApp-2025-11-10-a-las-08.05.25_7db397fe.jpg 840w, https:\/\/eldiariodesanpedro.com.ar\/sitio\/wp-content\/uploads\/2025\/11\/Imagen-de-WhatsApp-2025-11-10-a-las-08.05.25_7db397fe-300x225.jpg 300w, https:\/\/eldiariodesanpedro.com.ar\/sitio\/wp-content\/uploads\/2025\/11\/Imagen-de-WhatsApp-2025-11-10-a-las-08.05.25_7db397fe-768x576.jpg 768w, https:\/\/eldiariodesanpedro.com.ar\/sitio\/wp-content\/uploads\/2025\/11\/Imagen-de-WhatsApp-2025-11-10-a-las-08.05.25_7db397fe-272x204.jpg 272w\" data-sizes=\"(max-width: 840px) 100vw, 840px\" src=\"data:image\/svg+xml;base64,PHN2ZyB3aWR0aD0iMSIgaGVpZ2h0PSIxIiB4bWxucz0iaHR0cDovL3d3dy53My5vcmcvMjAwMC9zdmciPjwvc3ZnPg==\" style=\"--smush-placeholder-width: 840px; --smush-placeholder-aspect-ratio: 840\/630;\" \/><\/figure><\/li><\/ul><a class=\"wp-block-jetpack-slideshow_button-prev swiper-button-prev swiper-button-white\" role=\"button\"><\/a><a class=\"wp-block-jetpack-slideshow_button-next swiper-button-next swiper-button-white\" role=\"button\"><\/a><a aria-label=\"Pause Slideshow\" class=\"wp-block-jetpack-slideshow_button-pause\" role=\"button\"><\/a><div class=\"wp-block-jetpack-slideshow_pagination swiper-pagination swiper-pagination-white\"><\/div><\/div><\/div>\n","protected":false},"excerpt":{"rendered":"<p>La EEA San Pedro del INTA presentar\u00e1 una publicaci\u00f3n que re\u00fane seis d\u00e9cadas de datos agroclim\u00e1ticos clave para analizar tendencias y planificar la producci\u00f3n regional. La Estaci\u00f3n Experimental Agropecuaria (EEA) San Pedro del INTA realizar\u00e1 este jueves 13 la presentaci\u00f3n del libro \u201c60 a\u00f1os de registros agroclim\u00e1ticos en la EEA San Pedro (1965\u20132024): datos y [&hellip;]<\/p>\n","protected":false},"author":4,"featured_media":145032,"comment_status":"closed","ping_status":"closed","sticky":false,"template":"","format":"standard","meta":{"om_disable_all_campaigns":false,"_jetpack_memberships_contains_paid_content":false,"footnotes":""},"categories":[50,101,2],"tags":[7267,7262,1679,7264,7265,7263,7266],"class_list":["post-145031","post","type-post","status-publish","format-standard","has-post-thumbnail","hentry","category-destacadas","category-interes-general-locales","category-locales","tag-agricultura","tag-agroclima","tag-inta-san-pedro","tag-observatorio-agrometeorologico","tag-produccion-regional","tag-registros-climaticos","tag-tendencia-climatica"],"aioseo_notices":[],"gutentor_comment":0,"jetpack_featured_media_url":"https:\/\/eldiariodesanpedro.com.ar\/sitio\/wp-content\/uploads\/2025\/11\/medida-1-7.jpg","jetpack_shortlink":"https:\/\/wp.me\/p6RhLt-BJd","jetpack_sharing_enabled":true,"_links":{"self":[{"href":"https:\/\/eldiariodesanpedro.com.ar\/sitio\/wp-json\/wp\/v2\/posts\/145031","targetHints":{"allow":["GET"]}}],"collection":[{"href":"https:\/\/eldiariodesanpedro.com.ar\/sitio\/wp-json\/wp\/v2\/posts"}],"about":[{"href":"https:\/\/eldiariodesanpedro.com.ar\/sitio\/wp-json\/wp\/v2\/types\/post"}],"author":[{"embeddable":true,"href":"https:\/\/eldiariodesanpedro.com.ar\/sitio\/wp-json\/wp\/v2\/users\/4"}],"replies":[{"embeddable":true,"href":"https:\/\/eldiariodesanpedro.com.ar\/sitio\/wp-json\/wp\/v2\/comments?post=145031"}],"version-history":[{"count":1,"href":"https:\/\/eldiariodesanpedro.com.ar\/sitio\/wp-json\/wp\/v2\/posts\/145031\/revisions"}],"predecessor-version":[{"id":145037,"href":"https:\/\/eldiariodesanpedro.com.ar\/sitio\/wp-json\/wp\/v2\/posts\/145031\/revisions\/145037"}],"wp:featuredmedia":[{"embeddable":true,"href":"https:\/\/eldiariodesanpedro.com.ar\/sitio\/wp-json\/wp\/v2\/media\/145032"}],"wp:attachment":[{"href":"https:\/\/eldiariodesanpedro.com.ar\/sitio\/wp-json\/wp\/v2\/media?parent=145031"}],"wp:term":[{"taxonomy":"category","embeddable":true,"href":"https:\/\/eldiariodesanpedro.com.ar\/sitio\/wp-json\/wp\/v2\/categories?post=145031"},{"taxonomy":"post_tag","embeddable":true,"href":"https:\/\/eldiariodesanpedro.com.ar\/sitio\/wp-json\/wp\/v2\/tags?post=145031"}],"curies":[{"name":"wp","href":"https:\/\/api.w.org\/{rel}","templated":true}]}}