{"id":145027,"date":"2025-11-10T09:40:11","date_gmt":"2025-11-10T12:40:11","guid":{"rendered":"https:\/\/eldiariodesanpedro.com.ar\/sitio\/?p=145027"},"modified":"2025-11-10T09:40:16","modified_gmt":"2025-11-10T12:40:16","slug":"aprehendieron-a-un-joven-de-24-anos-tras-intentar-sustraer-una-bateria-de-automovil","status":"publish","type":"post","link":"https:\/\/eldiariodesanpedro.com.ar\/sitio\/aprehendieron-a-un-joven-de-24-anos-tras-intentar-sustraer-una-bateria-de-automovil\/","title":{"rendered":"Aprehendieron a un joven de 24 a\u00f1os tras intentar sustraer una bater\u00eda de autom\u00f3vil"},"content":{"rendered":"<!-- VideographyWP Plugin Message: Automatic video embedding prevented by plugin options. -->\n\n<p>Un joven de 24 a\u00f1os fue retenido por vecinos luego de intentar robar la bater\u00eda de un autom\u00f3vil estacionado, siendo posteriormente aprehendido por la Polic\u00eda.<\/p>\n\n\n\n<p>En la tarde de ayer, <strong>Personal Policial intervino en la intersecci\u00f3n de calles Casella y S. Selada<\/strong>, donde se produjo la <strong>aprehensi\u00f3n de un joven de 24 a\u00f1os<\/strong>, luego de que <strong>vecinos lo retuvieran<\/strong> tras advertir su accionar.<\/p>\n\n\n\n<p>Seg\u00fan el informe, el sujeto hab\u00eda <strong>intentado sustraer la bater\u00eda de un autom\u00f3vil Fiat 147<\/strong>, propiedad de un hombre de 40 a\u00f1os, <strong>da\u00f1ando los cables de alimentaci\u00f3n<\/strong> en el intento. Pese a ello, <strong>no logr\u00f3 concretar el il\u00edcito<\/strong>, siendo reducido por los vecinos hasta la llegada del personal de la Estaci\u00f3n de Polic\u00eda Comunal.<\/p>\n\n\n\n<p>La causa qued\u00f3 <strong>a disposici\u00f3n de la fiscal\u00eda local<\/strong>, que continuar\u00e1 con las actuaciones correspondientes.<\/p>\n\n\n\n<p>#Policiales #Aprehensi\u00f3n #SeguridadCiudadana #SanPedro #IntentoDeRobo<\/p>\n\n\n<div class=\"wp-block-image\">\n<figure class=\"aligncenter size-full\"><img decoding=\"async\" width=\"384\" height=\"630\" data-attachment-id=\"145029\" data-permalink=\"https:\/\/eldiariodesanpedro.com.ar\/sitio\/aprehendieron-a-un-joven-de-24-anos-tras-intentar-sustraer-una-bateria-de-automovil\/4-111\/\" data-orig-file=\"https:\/\/eldiariodesanpedro.com.ar\/sitio\/wp-content\/uploads\/2025\/11\/4.jpg\" data-orig-size=\"384,630\" data-comments-opened=\"0\" data-image-meta=\"{&quot;aperture&quot;:&quot;0&quot;,&quot;credit&quot;:&quot;&quot;,&quot;camera&quot;:&quot;&quot;,&quot;caption&quot;:&quot;&quot;,&quot;created_timestamp&quot;:&quot;0&quot;,&quot;copyright&quot;:&quot;&quot;,&quot;focal_length&quot;:&quot;0&quot;,&quot;iso&quot;:&quot;0&quot;,&quot;shutter_speed&quot;:&quot;0&quot;,&quot;title&quot;:&quot;&quot;,&quot;orientation&quot;:&quot;0&quot;}\" data-image-title=\"4\" data-image-description=\"\" data-image-caption=\"\" data-large-file=\"https:\/\/eldiariodesanpedro.com.ar\/sitio\/wp-content\/uploads\/2025\/11\/4.jpg\" data-src=\"https:\/\/eldiariodesanpedro.com.ar\/sitio\/wp-content\/uploads\/2025\/11\/4.jpg\" alt=\"\" class=\"wp-image-145029 lazyload\" data-srcset=\"https:\/\/eldiariodesanpedro.com.ar\/sitio\/wp-content\/uploads\/2025\/11\/4.jpg 384w, https:\/\/eldiariodesanpedro.com.ar\/sitio\/wp-content\/uploads\/2025\/11\/4-183x300.jpg 183w\" data-sizes=\"(max-width: 384px) 100vw, 384px\" src=\"data:image\/svg+xml;base64,PHN2ZyB3aWR0aD0iMSIgaGVpZ2h0PSIxIiB4bWxucz0iaHR0cDovL3d3dy53My5vcmcvMjAwMC9zdmciPjwvc3ZnPg==\" style=\"--smush-placeholder-width: 384px; --smush-placeholder-aspect-ratio: 384\/630;\" \/><\/figure>\n<\/div>","protected":false},"excerpt":{"rendered":"<p>Un joven de 24 a\u00f1os fue retenido por vecinos luego de intentar robar la bater\u00eda de un autom\u00f3vil estacionado, siendo posteriormente aprehendido por la Polic\u00eda. En la tarde de ayer, Personal Policial intervino en la intersecci\u00f3n de calles Casella y S. Selada, donde se produjo la aprehensi\u00f3n de un joven de 24 a\u00f1os, luego de [&hellip;]<\/p>\n","protected":false},"author":4,"featured_media":145028,"comment_status":"closed","ping_status":"closed","sticky":false,"template":"","format":"standard","meta":{"om_disable_all_campaigns":false,"_jetpack_memberships_contains_paid_content":false,"footnotes":""},"categories":[2,103],"tags":[7258,5418,7259,7260,7261],"class_list":["post-145027","post","type-post","status-publish","format-standard","has-post-thumbnail","hentry","category-locales","category-policiales-locales","tag-aprehension-joven-24-anos","tag-fiscalia-local","tag-intento-de-robo-bateria","tag-intervencion-policial-san-pedro","tag-vecinos-retuvieron-sospechoso"],"aioseo_notices":[],"gutentor_comment":0,"jetpack_featured_media_url":"https:\/\/eldiariodesanpedro.com.ar\/sitio\/wp-content\/uploads\/2025\/11\/medida-1-6.jpg","jetpack_shortlink":"https:\/\/wp.me\/p6RhLt-BJ9","jetpack_sharing_enabled":true,"_links":{"self":[{"href":"https:\/\/eldiariodesanpedro.com.ar\/sitio\/wp-json\/wp\/v2\/posts\/145027","targetHints":{"allow":["GET"]}}],"collection":[{"href":"https:\/\/eldiariodesanpedro.com.ar\/sitio\/wp-json\/wp\/v2\/posts"}],"about":[{"href":"https:\/\/eldiariodesanpedro.com.ar\/sitio\/wp-json\/wp\/v2\/types\/post"}],"author":[{"embeddable":true,"href":"https:\/\/eldiariodesanpedro.com.ar\/sitio\/wp-json\/wp\/v2\/users\/4"}],"replies":[{"embeddable":true,"href":"https:\/\/eldiariodesanpedro.com.ar\/sitio\/wp-json\/wp\/v2\/comments?post=145027"}],"version-history":[{"count":1,"href":"https:\/\/eldiariodesanpedro.com.ar\/sitio\/wp-json\/wp\/v2\/posts\/145027\/revisions"}],"predecessor-version":[{"id":145030,"href":"https:\/\/eldiariodesanpedro.com.ar\/sitio\/wp-json\/wp\/v2\/posts\/145027\/revisions\/145030"}],"wp:featuredmedia":[{"embeddable":true,"href":"https:\/\/eldiariodesanpedro.com.ar\/sitio\/wp-json\/wp\/v2\/media\/145028"}],"wp:attachment":[{"href":"https:\/\/eldiariodesanpedro.com.ar\/sitio\/wp-json\/wp\/v2\/media?parent=145027"}],"wp:term":[{"taxonomy":"category","embeddable":true,"href":"https:\/\/eldiariodesanpedro.com.ar\/sitio\/wp-json\/wp\/v2\/categories?post=145027"},{"taxonomy":"post_tag","embeddable":true,"href":"https:\/\/eldiariodesanpedro.com.ar\/sitio\/wp-json\/wp\/v2\/tags?post=145027"}],"curies":[{"name":"wp","href":"https:\/\/api.w.org\/{rel}","templated":true}]}}