{"id":14502,"date":"2017-02-10T20:44:15","date_gmt":"2017-02-10T23:44:15","guid":{"rendered":"https:\/\/eldiariodesanpedro.com.ar\/sitio\/?p=14502"},"modified":"2017-02-10T20:44:15","modified_gmt":"2017-02-10T23:44:15","slug":"gdor-castro-reunion-de-autoridades-municipales-y-vecinos","status":"publish","type":"post","link":"https:\/\/eldiariodesanpedro.com.ar\/sitio\/gdor-castro-reunion-de-autoridades-municipales-y-vecinos\/","title":{"rendered":"Gdor. Castro: Reuni\u00f3n de autoridades municipales y vecinos"},"content":{"rendered":"<p><!-- VideographyWP Plugin Message: Automatic video embedding prevented by plugin options. --><br \/>\nEl mi\u00e9rcoles por la noche, en Agricultores Club, se realiz\u00f3 una reuni\u00f3n entre autoridades municipales y vecinos de la localidad. Estuvieron presentes el Delegado Municipal Angel Alvarez, el Director de Coordinaci\u00f3n de Policial Juan Carlos Ag\u00fcero,el Secretario de Servicios P\u00fablicos Ariel \u00c1lvarez, el Jefe del Destacamento de Gobernador Castro Oficial Machado,los Concejales Juan Garavaglia, Andrea Maroli y Gerardo Pelletier.<\/p>\n<p>El encuentro se enfoc\u00f3 a las preocupaciones sobre seguridad, m\u00e1s precisamente en tomas como drogas, transito, picadas de motos, escapes libres. Tambi\u00e9n se les plante\u00f3 a los Concejales sobre el aumento de las tasas municipales y se les reproch\u00f3 que no se realiz\u00f3 consulta en el pueblo. Por \u00faltimo se le solicit\u00f3 al Delegado la instalaci\u00f3n de lomos de burro.<\/p>\n","protected":false},"excerpt":{"rendered":"<p>El mi\u00e9rcoles por la noche, en Agricultores Club, se realiz\u00f3 una reuni\u00f3n entre autoridades municipales y vecinos de la localidad. Estuvieron presentes el Delegado Municipal Angel Alvarez, el Director de Coordinaci\u00f3n de Policial Juan Carlos Ag\u00fcero,el Secretario de Servicios P\u00fablicos Ariel \u00c1lvarez, el Jefe del Destacamento de Gobernador Castro Oficial Machado,los Concejales Juan Garavaglia, Andrea [&hellip;]<\/p>\n","protected":false},"author":4,"featured_media":14503,"comment_status":"open","ping_status":"closed","sticky":false,"template":"","format":"standard","meta":{"om_disable_all_campaigns":false,"_jetpack_memberships_contains_paid_content":false,"footnotes":""},"categories":[2,102],"tags":[],"class_list":["post-14502","post","type-post","status-publish","format-standard","has-post-thumbnail","hentry","category-locales","category-politica-locales"],"aioseo_notices":[],"gutentor_comment":0,"jetpack_featured_media_url":"https:\/\/eldiariodesanpedro.com.ar\/sitio\/wp-content\/uploads\/2017\/02\/El-encuntro-que-se-llev\u00f3-a-cabo-en-Agricultores-Club-Fuente-FM-RA.jpg","jetpack_shortlink":"https:\/\/wp.me\/p6RhLt-3LU","jetpack_sharing_enabled":true,"_links":{"self":[{"href":"https:\/\/eldiariodesanpedro.com.ar\/sitio\/wp-json\/wp\/v2\/posts\/14502","targetHints":{"allow":["GET"]}}],"collection":[{"href":"https:\/\/eldiariodesanpedro.com.ar\/sitio\/wp-json\/wp\/v2\/posts"}],"about":[{"href":"https:\/\/eldiariodesanpedro.com.ar\/sitio\/wp-json\/wp\/v2\/types\/post"}],"author":[{"embeddable":true,"href":"https:\/\/eldiariodesanpedro.com.ar\/sitio\/wp-json\/wp\/v2\/users\/4"}],"replies":[{"embeddable":true,"href":"https:\/\/eldiariodesanpedro.com.ar\/sitio\/wp-json\/wp\/v2\/comments?post=14502"}],"version-history":[{"count":1,"href":"https:\/\/eldiariodesanpedro.com.ar\/sitio\/wp-json\/wp\/v2\/posts\/14502\/revisions"}],"predecessor-version":[{"id":14504,"href":"https:\/\/eldiariodesanpedro.com.ar\/sitio\/wp-json\/wp\/v2\/posts\/14502\/revisions\/14504"}],"wp:featuredmedia":[{"embeddable":true,"href":"https:\/\/eldiariodesanpedro.com.ar\/sitio\/wp-json\/wp\/v2\/media\/14503"}],"wp:attachment":[{"href":"https:\/\/eldiariodesanpedro.com.ar\/sitio\/wp-json\/wp\/v2\/media?parent=14502"}],"wp:term":[{"taxonomy":"category","embeddable":true,"href":"https:\/\/eldiariodesanpedro.com.ar\/sitio\/wp-json\/wp\/v2\/categories?post=14502"},{"taxonomy":"post_tag","embeddable":true,"href":"https:\/\/eldiariodesanpedro.com.ar\/sitio\/wp-json\/wp\/v2\/tags?post=14502"}],"curies":[{"name":"wp","href":"https:\/\/api.w.org\/{rel}","templated":true}]}}