{"id":144996,"date":"2025-11-04T17:01:25","date_gmt":"2025-11-04T20:01:25","guid":{"rendered":"https:\/\/eldiariodesanpedro.com.ar\/sitio\/?p=144996"},"modified":"2025-11-04T17:01:30","modified_gmt":"2025-11-04T20:01:30","slug":"averiguacion-de-ilicito-secuestran-electrodomesticos-y-articulos-informaticos-tras-una-denuncia","status":"publish","type":"post","link":"https:\/\/eldiariodesanpedro.com.ar\/sitio\/averiguacion-de-ilicito-secuestran-electrodomesticos-y-articulos-informaticos-tras-una-denuncia\/","title":{"rendered":"Averiguaci\u00f3n de il\u00edcito: secuestran electrodom\u00e9sticos y art\u00edculos inform\u00e1ticos tras una denuncia"},"content":{"rendered":"<!-- VideographyWP Plugin Message: Automatic video embedding prevented by plugin options. -->\n\n<p>Personal policial intervino tras un alerta al 911 y logr\u00f3 el secuestro de diversos elementos que habr\u00edan sido objeto de una transacci\u00f3n frustrada entre un vecino de Rosario y un comprador local.<\/p>\n\n\n\n<p>En la jornada de ayer, <strong>personal de la Comisar\u00eda local<\/strong> acudi\u00f3 a un llamado de <strong>emergencia al 911<\/strong> que alertaba sobre una situaci\u00f3n irregular en la intersecci\u00f3n de <strong>Fray Cayetano Rodr\u00edguez y Facundo Quiroga<\/strong>.<\/p>\n\n\n\n<p>Seg\u00fan informaron fuentes oficiales, los efectivos <strong>procedieron al secuestro de electrodom\u00e9sticos, elementos de comercio, iluminaci\u00f3n e inform\u00e1tica<\/strong>, los cuales pertenec\u00edan a un <strong>hombre de 37 a\u00f1os, oriundo de Rosario<\/strong>. El mismo hab\u00eda arribado a San Pedro con el objetivo de <strong>concretar una transacci\u00f3n comercial<\/strong> con un ciudadano local.<\/p>\n\n\n\n<p>Sin embargo, al <strong>descender los objetos<\/strong> en una vivienda ubicada en <strong>calle Manuel Iglesias al 400<\/strong>, el rosarino fue <strong>amedrentado por las personas presentes<\/strong>, quienes <strong>lo obligaron a retirarse del lugar sin recibir el pago acordado<\/strong>, quedando los bienes <strong>en poder de los agresores y en la v\u00eda p\u00fablica<\/strong>.<\/p>\n\n\n\n<p>Ante lo ocurrido, la <strong>Fiscal\u00eda local<\/strong> dispuso las actuaciones correspondientes en el marco de una <strong>causa por averiguaci\u00f3n de il\u00edcito<\/strong>, mientras se investigan las circunstancias y responsabilidades del hecho.<\/p>\n\n\n\n<p>#Policiales #SanPedro #Averiguaci\u00f3ndeIl\u00edcito #OperativoPolicial #Fiscal\u00edaSanPedro<\/p>\n\n\n\n<figure class=\"wp-block-image size-full\"><img decoding=\"async\" width=\"630\" height=\"630\" data-attachment-id=\"144998\" data-permalink=\"https:\/\/eldiariodesanpedro.com.ar\/sitio\/averiguacion-de-ilicito-secuestran-electrodomesticos-y-articulos-informaticos-tras-una-denuncia\/3-148\/\" data-orig-file=\"https:\/\/eldiariodesanpedro.com.ar\/sitio\/wp-content\/uploads\/2025\/11\/3.jpg\" data-orig-size=\"630,630\" data-comments-opened=\"0\" data-image-meta=\"{&quot;aperture&quot;:&quot;0&quot;,&quot;credit&quot;:&quot;&quot;,&quot;camera&quot;:&quot;&quot;,&quot;caption&quot;:&quot;&quot;,&quot;created_timestamp&quot;:&quot;0&quot;,&quot;copyright&quot;:&quot;&quot;,&quot;focal_length&quot;:&quot;0&quot;,&quot;iso&quot;:&quot;0&quot;,&quot;shutter_speed&quot;:&quot;0&quot;,&quot;title&quot;:&quot;&quot;,&quot;orientation&quot;:&quot;0&quot;}\" data-image-title=\"3\" data-image-description=\"\" data-image-caption=\"\" data-large-file=\"https:\/\/eldiariodesanpedro.com.ar\/sitio\/wp-content\/uploads\/2025\/11\/3.jpg\" data-src=\"https:\/\/eldiariodesanpedro.com.ar\/sitio\/wp-content\/uploads\/2025\/11\/3.jpg\" alt=\"\" class=\"wp-image-144998 lazyload\" data-srcset=\"https:\/\/eldiariodesanpedro.com.ar\/sitio\/wp-content\/uploads\/2025\/11\/3.jpg 630w, https:\/\/eldiariodesanpedro.com.ar\/sitio\/wp-content\/uploads\/2025\/11\/3-300x300.jpg 300w, https:\/\/eldiariodesanpedro.com.ar\/sitio\/wp-content\/uploads\/2025\/11\/3-150x150.jpg 150w\" data-sizes=\"(max-width: 630px) 100vw, 630px\" src=\"data:image\/svg+xml;base64,PHN2ZyB3aWR0aD0iMSIgaGVpZ2h0PSIxIiB4bWxucz0iaHR0cDovL3d3dy53My5vcmcvMjAwMC9zdmciPjwvc3ZnPg==\" style=\"--smush-placeholder-width: 630px; --smush-placeholder-aspect-ratio: 630\/630;\" \/><\/figure>\n","protected":false},"excerpt":{"rendered":"<p>Personal policial intervino tras un alerta al 911 y logr\u00f3 el secuestro de diversos elementos que habr\u00edan sido objeto de una transacci\u00f3n frustrada entre un vecino de Rosario y un comprador local. En la jornada de ayer, personal de la Comisar\u00eda local acudi\u00f3 a un llamado de emergencia al 911 que alertaba sobre una situaci\u00f3n [&hellip;]<\/p>\n","protected":false},"author":4,"featured_media":144997,"comment_status":"closed","ping_status":"closed","sticky":false,"template":"","format":"standard","meta":{"om_disable_all_campaigns":false,"_jetpack_memberships_contains_paid_content":false,"footnotes":""},"categories":[2,103],"tags":[7242,6397,5418,4055,6702,7243],"class_list":["post-144996","post","type-post","status-publish","format-standard","has-post-thumbnail","hentry","category-locales","category-policiales-locales","tag-averiguacion-de-ilicito","tag-denuncia-911","tag-fiscalia-local","tag-operativo-policial","tag-policia-de-san-pedro","tag-secuestro-de-electrodomesticos"],"aioseo_notices":[],"gutentor_comment":0,"jetpack_featured_media_url":"https:\/\/eldiariodesanpedro.com.ar\/sitio\/wp-content\/uploads\/2025\/11\/medida-1-2.jpg","jetpack_shortlink":"https:\/\/wp.me\/p6RhLt-BIE","jetpack_sharing_enabled":true,"_links":{"self":[{"href":"https:\/\/eldiariodesanpedro.com.ar\/sitio\/wp-json\/wp\/v2\/posts\/144996","targetHints":{"allow":["GET"]}}],"collection":[{"href":"https:\/\/eldiariodesanpedro.com.ar\/sitio\/wp-json\/wp\/v2\/posts"}],"about":[{"href":"https:\/\/eldiariodesanpedro.com.ar\/sitio\/wp-json\/wp\/v2\/types\/post"}],"author":[{"embeddable":true,"href":"https:\/\/eldiariodesanpedro.com.ar\/sitio\/wp-json\/wp\/v2\/users\/4"}],"replies":[{"embeddable":true,"href":"https:\/\/eldiariodesanpedro.com.ar\/sitio\/wp-json\/wp\/v2\/comments?post=144996"}],"version-history":[{"count":1,"href":"https:\/\/eldiariodesanpedro.com.ar\/sitio\/wp-json\/wp\/v2\/posts\/144996\/revisions"}],"predecessor-version":[{"id":144999,"href":"https:\/\/eldiariodesanpedro.com.ar\/sitio\/wp-json\/wp\/v2\/posts\/144996\/revisions\/144999"}],"wp:featuredmedia":[{"embeddable":true,"href":"https:\/\/eldiariodesanpedro.com.ar\/sitio\/wp-json\/wp\/v2\/media\/144997"}],"wp:attachment":[{"href":"https:\/\/eldiariodesanpedro.com.ar\/sitio\/wp-json\/wp\/v2\/media?parent=144996"}],"wp:term":[{"taxonomy":"category","embeddable":true,"href":"https:\/\/eldiariodesanpedro.com.ar\/sitio\/wp-json\/wp\/v2\/categories?post=144996"},{"taxonomy":"post_tag","embeddable":true,"href":"https:\/\/eldiariodesanpedro.com.ar\/sitio\/wp-json\/wp\/v2\/tags?post=144996"}],"curies":[{"name":"wp","href":"https:\/\/api.w.org\/{rel}","templated":true}]}}