{"id":144990,"date":"2025-11-04T16:37:01","date_gmt":"2025-11-04T19:37:01","guid":{"rendered":"https:\/\/eldiariodesanpedro.com.ar\/sitio\/?p=144990"},"modified":"2025-11-04T16:37:05","modified_gmt":"2025-11-04T19:37:05","slug":"allanamiento-y-detencion-de-un-reconocido-delincuente-tras-un-robo-en-la-zona-centrica","status":"publish","type":"post","link":"https:\/\/eldiariodesanpedro.com.ar\/sitio\/allanamiento-y-detencion-de-un-reconocido-delincuente-tras-un-robo-en-la-zona-centrica\/","title":{"rendered":"Allanamiento y detenci\u00f3n de un reconocido delincuente tras un robo en la zona c\u00e9ntrica"},"content":{"rendered":"<!-- VideographyWP Plugin Message: Automatic video embedding prevented by plugin options. -->\n\n<p>Efectivos de la EPC realizaron un allanamiento en calle Ruffa que permiti\u00f3 recuperar elementos robados y detener a un conocido delincuente.<\/p>\n\n\n\n<p>En horas de la tarde de ayer, <strong>personal de la Estaci\u00f3n de Polic\u00eda Comunal (EPC)<\/strong> concret\u00f3 una <strong>diligencia de allanamiento<\/strong> en el domicilio de un <strong>reconocido malviviente<\/strong> ubicado en <strong>calle Ruffa, entre La Laguna y Ansaloni<\/strong>.<\/p>\n\n\n\n<p>La medida judicial guarda relaci\u00f3n con un <strong>hecho de robo ocurrido el pasado fin de semana<\/strong> en una finca de <strong>calle F. C. Rodr\u00edguez, entre Mitre y 25 de Mayo<\/strong>. La <strong>causa<\/strong>, instruida por la <strong>UFI N\u00b0 7<\/strong>, fue caratulada como <strong>\u201cRobo Agravado por Efracci\u00f3n\u201d<\/strong>.<\/p>\n\n\n\n<p>Gracias al <strong>trabajo de investigaci\u00f3n del Gabinete T\u00e9cnico Operativo (GTO)<\/strong> y al <strong>an\u00e1lisis de c\u00e1maras de seguridad municipales y de vecinos<\/strong>, se logr\u00f3 <strong>individualizar al sospechoso<\/strong>. Durante el allanamiento, los efectivos <strong>secuestraron varios elementos denunciados como sustra\u00eddos<\/strong>, entre ellos <strong>zapatillas, un reloj y un gemelo (joya)<\/strong>.<\/p>\n\n\n\n<p>El <strong>imputado fue aprehendido y trasladado a la sede policial<\/strong>, donde <strong>permanece detenido<\/strong> hasta su <strong>traslado a sede judicial previsto para este martes<\/strong>.<\/p>\n\n\n\n<p>#SanPedro #Policiales #Allanamiento #Detenci\u00f3n #RoboAgravado #EPCSanPedro #Seguridad<\/p>\n","protected":false},"excerpt":{"rendered":"<p>Efectivos de la EPC realizaron un allanamiento en calle Ruffa que permiti\u00f3 recuperar elementos robados y detener a un conocido delincuente. En horas de la tarde de ayer, personal de la Estaci\u00f3n de Polic\u00eda Comunal (EPC) concret\u00f3 una diligencia de allanamiento en el domicilio de un reconocido malviviente ubicado en calle Ruffa, entre La Laguna [&hellip;]<\/p>\n","protected":false},"author":4,"featured_media":144991,"comment_status":"closed","ping_status":"closed","sticky":false,"template":"","format":"standard","meta":{"om_disable_all_campaigns":false,"_jetpack_memberships_contains_paid_content":false,"footnotes":""},"categories":[50,2,103],"tags":[122,3972,26,7238,4118,5672,5676,7237,19,1738],"class_list":["post-144990","post","type-post","status-publish","format-standard","has-post-thumbnail","hentry","category-destacadas","category-locales","category-policiales-locales","tag-allanamiento","tag-camaras-de-seguridad","tag-detenido","tag-f-c-rodriguez","tag-gto","tag-policia-comunal","tag-robo-agravado","tag-ruffa","tag-san-pedro","tag-ufi-7"],"aioseo_notices":[],"gutentor_comment":0,"jetpack_featured_media_url":"https:\/\/eldiariodesanpedro.com.ar\/sitio\/wp-content\/uploads\/2025\/11\/medida.png","jetpack_shortlink":"https:\/\/wp.me\/p6RhLt-BIy","jetpack_sharing_enabled":true,"_links":{"self":[{"href":"https:\/\/eldiariodesanpedro.com.ar\/sitio\/wp-json\/wp\/v2\/posts\/144990","targetHints":{"allow":["GET"]}}],"collection":[{"href":"https:\/\/eldiariodesanpedro.com.ar\/sitio\/wp-json\/wp\/v2\/posts"}],"about":[{"href":"https:\/\/eldiariodesanpedro.com.ar\/sitio\/wp-json\/wp\/v2\/types\/post"}],"author":[{"embeddable":true,"href":"https:\/\/eldiariodesanpedro.com.ar\/sitio\/wp-json\/wp\/v2\/users\/4"}],"replies":[{"embeddable":true,"href":"https:\/\/eldiariodesanpedro.com.ar\/sitio\/wp-json\/wp\/v2\/comments?post=144990"}],"version-history":[{"count":1,"href":"https:\/\/eldiariodesanpedro.com.ar\/sitio\/wp-json\/wp\/v2\/posts\/144990\/revisions"}],"predecessor-version":[{"id":144992,"href":"https:\/\/eldiariodesanpedro.com.ar\/sitio\/wp-json\/wp\/v2\/posts\/144990\/revisions\/144992"}],"wp:featuredmedia":[{"embeddable":true,"href":"https:\/\/eldiariodesanpedro.com.ar\/sitio\/wp-json\/wp\/v2\/media\/144991"}],"wp:attachment":[{"href":"https:\/\/eldiariodesanpedro.com.ar\/sitio\/wp-json\/wp\/v2\/media?parent=144990"}],"wp:term":[{"taxonomy":"category","embeddable":true,"href":"https:\/\/eldiariodesanpedro.com.ar\/sitio\/wp-json\/wp\/v2\/categories?post=144990"},{"taxonomy":"post_tag","embeddable":true,"href":"https:\/\/eldiariodesanpedro.com.ar\/sitio\/wp-json\/wp\/v2\/tags?post=144990"}],"curies":[{"name":"wp","href":"https:\/\/api.w.org\/{rel}","templated":true}]}}