{"id":144981,"date":"2025-11-04T15:50:23","date_gmt":"2025-11-04T18:50:23","guid":{"rendered":"https:\/\/eldiariodesanpedro.com.ar\/sitio\/?p=144981"},"modified":"2025-11-04T15:50:27","modified_gmt":"2025-11-04T18:50:27","slug":"asamblea-normalizadora-de-la-sociedad-protectora-de-la-casa-de-ancianos","status":"publish","type":"post","link":"https:\/\/eldiariodesanpedro.com.ar\/sitio\/asamblea-normalizadora-de-la-sociedad-protectora-de-la-casa-de-ancianos\/","title":{"rendered":"Asamblea Normalizadora de la Sociedad Protectora de la casa de Ancianos"},"content":{"rendered":"<!-- VideographyWP Plugin Message: Automatic video embedding prevented by plugin options. -->\n\n<p class=\"has-text-align-center\"><strong>CONVOCATORIA ASAMBLEA NORMORMALIZADORA Ley 15.192<\/strong><\/p>\n\n\n\n<p class=\"has-text-align-center\"><strong><em>Asociaci\u00f3n SOCIEDAD PROTECTORA DE LA CASA DE ANCIANOS<\/em><\/strong><\/p>\n\n\n\n<p>La comisi\u00f3n saneadora de la instituci\u00f3n, en el marco del expediente de normalizaci\u00f3n Nro. 21.209-156633, fiscalizado por la Direcci\u00f3n Provincial de Personas Jur\u00eddicas, convoca a todos los socios de la instituci\u00f3n a Asamblea Ordinaria, bajo la siguiente convocatoria:<\/p>\n\n\n\n<p><em>\u00abSan Pedro, 03 de noviembre de 2025. Convocase Asamblea General Ordinaria Normalizadora a&nbsp; los se\u00f1ores socios de la asociaci\u00f3n civil <\/em>SOCIEDAD PROTECTORA DE LA CASA DE ANCIANOS<em> el d\u00eda 14 de Noviembre de 2025 a las 19 hs., en primer convocatoria, y a las 20 hs en segunda convocatoria, en la sede social de la entidad, sita en la calle 25 de Mayo 1755, de la Ciudad de San Pedro, a los efectos de considerar el siguiente orden del d\u00eda: 1) Elecci\u00f3n de dos asociados para firmar el acta de la asamblea; 2) Consideraci\u00f3n&nbsp; y aprobaci\u00f3n de la Condonaci\u00f3n de la deuda documental a Diciembre de 2014 solicitada ante la Direcci\u00f3n Provincial de Personas Jur\u00eddicas; 3) Adhesi\u00f3n al beneficio de la disposici\u00f3n 52\/16, en su art\u00edculo 13; 4) Consideraci\u00f3n de la memoria, el inventario, y el balance general correspondientes al ejercicio <\/em>cerrado a Agosto<em> del a\u00f1o 2021; 5) Consideraci\u00f3n de la memoria, el inventario, y el balance general correspondientes al ejercicio <\/em>cerrado a Agosto<em> del a\u00f1o 2022; 6) Consideraci\u00f3n de la memoria, el inventario, y el balance general correspondientes al ejercicio <\/em>cerrado a Agosto<em> del a\u00f1o 2023; 7) Consideraci\u00f3n de la memoria, el inventario, y el balance general correspondientes al ejercicio <\/em>cerrado a Agosto<em> del a\u00f1o 2024; 8) Consideraci\u00f3n de la memoria, el inventario, y el balance general correspondientes al ejercicio <\/em>cerrado a Agosto<em> del a\u00f1o 2025; 9) Consideraci\u00f3n de la aprobaci\u00f3n de la gesti\u00f3n de la comisi\u00f3n <\/em>saneadora;<em> 10) Elecci\u00f3n&nbsp; total de los cargos de comisi\u00f3n directiva conforme lo dispuesto en el estatuto social; 111) Elecci\u00f3n total de los cargos de comisi\u00f3n&nbsp; revisora de cuentas&nbsp; conforme lo dispuesto en el estatuto social.\u201d<\/em><\/p>\n\n\n\n<p><strong>PATRICIA GOMEZ \u2013 ANA MARIA SANTACHITA \u2013 SUSANA E. QUIROGA<\/strong><\/p>\n\n\n\n<p><strong><em>COMISION SANEADORA<\/em><\/strong><\/p>\n","protected":false},"excerpt":{"rendered":"<p>CONVOCATORIA ASAMBLEA NORMORMALIZADORA Ley 15.192 Asociaci\u00f3n SOCIEDAD PROTECTORA DE LA CASA DE ANCIANOS La comisi\u00f3n saneadora de la instituci\u00f3n, en el marco del expediente de normalizaci\u00f3n Nro. 21.209-156633, fiscalizado por la Direcci\u00f3n Provincial de Personas Jur\u00eddicas, convoca a todos los socios de la instituci\u00f3n a Asamblea Ordinaria, bajo la siguiente convocatoria: \u00abSan Pedro, 03 de [&hellip;]<\/p>\n","protected":false},"author":4,"featured_media":144982,"comment_status":"closed","ping_status":"closed","sticky":false,"template":"","format":"standard","meta":{"om_disable_all_campaigns":false,"_jetpack_memberships_contains_paid_content":false,"footnotes":""},"categories":[678,676],"tags":[],"class_list":["post-144981","post","type-post","status-publish","format-standard","has-post-thumbnail","hentry","category-convocatorias","category-edictos"],"aioseo_notices":[],"gutentor_comment":0,"jetpack_featured_media_url":"https:\/\/eldiariodesanpedro.com.ar\/sitio\/wp-content\/uploads\/2025\/11\/CASA-DFE-ANCIANOS-2025.png","jetpack_shortlink":"https:\/\/wp.me\/p6RhLt-BIp","jetpack_sharing_enabled":true,"_links":{"self":[{"href":"https:\/\/eldiariodesanpedro.com.ar\/sitio\/wp-json\/wp\/v2\/posts\/144981","targetHints":{"allow":["GET"]}}],"collection":[{"href":"https:\/\/eldiariodesanpedro.com.ar\/sitio\/wp-json\/wp\/v2\/posts"}],"about":[{"href":"https:\/\/eldiariodesanpedro.com.ar\/sitio\/wp-json\/wp\/v2\/types\/post"}],"author":[{"embeddable":true,"href":"https:\/\/eldiariodesanpedro.com.ar\/sitio\/wp-json\/wp\/v2\/users\/4"}],"replies":[{"embeddable":true,"href":"https:\/\/eldiariodesanpedro.com.ar\/sitio\/wp-json\/wp\/v2\/comments?post=144981"}],"version-history":[{"count":1,"href":"https:\/\/eldiariodesanpedro.com.ar\/sitio\/wp-json\/wp\/v2\/posts\/144981\/revisions"}],"predecessor-version":[{"id":144983,"href":"https:\/\/eldiariodesanpedro.com.ar\/sitio\/wp-json\/wp\/v2\/posts\/144981\/revisions\/144983"}],"wp:featuredmedia":[{"embeddable":true,"href":"https:\/\/eldiariodesanpedro.com.ar\/sitio\/wp-json\/wp\/v2\/media\/144982"}],"wp:attachment":[{"href":"https:\/\/eldiariodesanpedro.com.ar\/sitio\/wp-json\/wp\/v2\/media?parent=144981"}],"wp:term":[{"taxonomy":"category","embeddable":true,"href":"https:\/\/eldiariodesanpedro.com.ar\/sitio\/wp-json\/wp\/v2\/categories?post=144981"},{"taxonomy":"post_tag","embeddable":true,"href":"https:\/\/eldiariodesanpedro.com.ar\/sitio\/wp-json\/wp\/v2\/tags?post=144981"}],"curies":[{"name":"wp","href":"https:\/\/api.w.org\/{rel}","templated":true}]}}