{"id":144979,"date":"2025-11-04T14:39:55","date_gmt":"2025-11-04T17:39:55","guid":{"rendered":"https:\/\/eldiariodesanpedro.com.ar\/sitio\/?p=144979"},"modified":"2025-11-04T14:39:59","modified_gmt":"2025-11-04T17:39:59","slug":"el-camion-de-pastas-y-lacteos-vuelve-a-san-pedro-y-las-localidades-2","status":"publish","type":"post","link":"https:\/\/eldiariodesanpedro.com.ar\/sitio\/el-camion-de-pastas-y-lacteos-vuelve-a-san-pedro-y-las-localidades-2\/","title":{"rendered":"El Cami\u00f3n de Pastas y L\u00e1cteos vuelve a San Pedro y las localidades"},"content":{"rendered":"<!-- VideographyWP Plugin Message: Automatic video embedding prevented by plugin options. -->\n\n<p>El programa Mercados Bonaerenses contin\u00faa este fin de semana su recorrido por San Pedro y sus localidades, ofreciendo productos esenciales de calidad a precios accesibles.<\/p>\n\n\n\n<p>En el marco del <strong>programa Mercados Bonaerenses<\/strong>, impulsado por el <strong>Ministerio de Desarrollo Agrario de la Provincia de Buenos Aires<\/strong>, la <strong>Municipalidad de San Pedro<\/strong> informa que este fin de semana se retomar\u00e1 el recorrido del <strong>Cami\u00f3n de Pastas y L\u00e1cteos<\/strong>, acercando <strong>alimentos de calidad a precios populares<\/strong> para las familias del distrito.<\/p>\n\n\n\n<p>El <strong>viernes 7 de noviembre<\/strong>, la propuesta llegar\u00e1 a las <strong>localidades del partido<\/strong> con el siguiente cronograma:<\/p>\n\n\n\n<ul class=\"wp-block-list\">\n<li><strong>R\u00edo Tala:<\/strong> de 8:30 a 14:00 horas frente a la Delegaci\u00f3n Municipal.<\/li>\n\n\n\n<li><strong>Gobernador Castro:<\/strong> de 8:30 a 13:00 horas frente a la Delegaci\u00f3n Municipal.<\/li>\n\n\n\n<li><strong>Pueblo Doyle:<\/strong> de 14:00 a 15:30 horas frente a la Delegaci\u00f3n Municipal.<\/li>\n\n\n\n<li><strong>Santa Luc\u00eda:<\/strong> de 15:30 a 18:00 horas frente a la Delegaci\u00f3n Municipal.<\/li>\n\n\n\n<li><strong>Vuelta de Obligado:<\/strong> de 16:30 a 18:00 horas en la <strong>Plaza Santiago Moreira<\/strong>.<\/li>\n<\/ul>\n\n\n\n<p>El <strong>s\u00e1bado 8 de noviembre<\/strong>, el cami\u00f3n estar\u00e1 en <strong>San Pedro<\/strong>, desde las <strong>8:30 horas en Plaza Constituci\u00f3n<\/strong>, formando parte de la <strong>feria de Mercados Bonaerenses<\/strong>.<\/p>\n\n\n\n<p>Desde el Municipio se <strong>invita a las vecinas y los vecinos<\/strong> a acercarse para acceder a <strong>productos a precios accesibles<\/strong>, en una <strong>acci\u00f3n conjunta entre la Provincia y la Municipalidad de San Pedro<\/strong> que busca <strong>fortalecer el consumo local y la econom\u00eda familiar<\/strong>.<\/p>\n\n\n\n<p>#SanPedro #MercadosBonaerenses #Cami\u00f3nDePastasYL\u00e1cteos #Econom\u00edaFamiliar #ProductosPopulares #MunicipalidadDeSanPedro #DesarrolloAgrario<\/p>\n","protected":false},"excerpt":{"rendered":"<p>El programa Mercados Bonaerenses contin\u00faa este fin de semana su recorrido por San Pedro y sus localidades, ofreciendo productos esenciales de calidad a precios accesibles. En el marco del programa Mercados Bonaerenses, impulsado por el Ministerio de Desarrollo Agrario de la Provincia de Buenos Aires, la Municipalidad de San Pedro informa que este fin de [&hellip;]<\/p>\n","protected":false},"author":4,"featured_media":142523,"comment_status":"closed","ping_status":"closed","sticky":false,"template":"","format":"standard","meta":{"om_disable_all_campaigns":false,"_jetpack_memberships_contains_paid_content":false,"footnotes":""},"categories":[101,2],"tags":[6072,5072,7229,5069,4180,7227,7228,19],"class_list":["post-144979","post","type-post","status-publish","format-standard","has-post-thumbnail","hentry","category-interes-general-locales","category-locales","tag-camion-de-pastas-y-lacteos","tag-economia-familiar","tag-localidades-del-partido","tag-mercados-bonaerenses","tag-ministerio-de-desarrollo-agrario","tag-precios-populares","tag-productos-accesibles","tag-san-pedro"],"aioseo_notices":[],"gutentor_comment":0,"jetpack_featured_media_url":"https:\/\/eldiariodesanpedro.com.ar\/sitio\/wp-content\/uploads\/2025\/08\/Pastas-y-Lacteos-2.jpg","jetpack_shortlink":"https:\/\/wp.me\/p6RhLt-BIn","jetpack_sharing_enabled":true,"_links":{"self":[{"href":"https:\/\/eldiariodesanpedro.com.ar\/sitio\/wp-json\/wp\/v2\/posts\/144979","targetHints":{"allow":["GET"]}}],"collection":[{"href":"https:\/\/eldiariodesanpedro.com.ar\/sitio\/wp-json\/wp\/v2\/posts"}],"about":[{"href":"https:\/\/eldiariodesanpedro.com.ar\/sitio\/wp-json\/wp\/v2\/types\/post"}],"author":[{"embeddable":true,"href":"https:\/\/eldiariodesanpedro.com.ar\/sitio\/wp-json\/wp\/v2\/users\/4"}],"replies":[{"embeddable":true,"href":"https:\/\/eldiariodesanpedro.com.ar\/sitio\/wp-json\/wp\/v2\/comments?post=144979"}],"version-history":[{"count":1,"href":"https:\/\/eldiariodesanpedro.com.ar\/sitio\/wp-json\/wp\/v2\/posts\/144979\/revisions"}],"predecessor-version":[{"id":144980,"href":"https:\/\/eldiariodesanpedro.com.ar\/sitio\/wp-json\/wp\/v2\/posts\/144979\/revisions\/144980"}],"wp:featuredmedia":[{"embeddable":true,"href":"https:\/\/eldiariodesanpedro.com.ar\/sitio\/wp-json\/wp\/v2\/media\/142523"}],"wp:attachment":[{"href":"https:\/\/eldiariodesanpedro.com.ar\/sitio\/wp-json\/wp\/v2\/media?parent=144979"}],"wp:term":[{"taxonomy":"category","embeddable":true,"href":"https:\/\/eldiariodesanpedro.com.ar\/sitio\/wp-json\/wp\/v2\/categories?post=144979"},{"taxonomy":"post_tag","embeddable":true,"href":"https:\/\/eldiariodesanpedro.com.ar\/sitio\/wp-json\/wp\/v2\/tags?post=144979"}],"curies":[{"name":"wp","href":"https:\/\/api.w.org\/{rel}","templated":true}]}}