{"id":144973,"date":"2025-11-04T14:29:55","date_gmt":"2025-11-04T17:29:55","guid":{"rendered":"https:\/\/eldiariodesanpedro.com.ar\/sitio\/?p=144973"},"modified":"2025-11-04T14:29:59","modified_gmt":"2025-11-04T17:29:59","slug":"encuentro-de-evaluacion-del-programa-piloto-desde-el-aula","status":"publish","type":"post","link":"https:\/\/eldiariodesanpedro.com.ar\/sitio\/encuentro-de-evaluacion-del-programa-piloto-desde-el-aula\/","title":{"rendered":"Encuentro de evaluaci\u00f3n del programa piloto \u201cDesde el Aula\u201d"},"content":{"rendered":"<!-- VideographyWP Plugin Message: Automatic video embedding prevented by plugin options. -->\n\n<p>M\u00e1s de 8.300 kilos de materiales reciclables fueron recuperados por las escuelas participantes del programa \u201cDesde el Aula\u201d, fortaleciendo la educaci\u00f3n ambiental y la econom\u00eda circular.<\/p>\n\n\n\n<p>La <strong>Municipalidad de San Pedro<\/strong>, a trav\u00e9s de la <strong>Direcci\u00f3n de Medio Ambiente<\/strong> dependiente de la <strong>Secretar\u00eda de Desarrollo Econ\u00f3mico<\/strong>, llev\u00f3 a cabo un <strong>encuentro de evaluaci\u00f3n del programa piloto \u201cDesde el Aula\u201d<\/strong>, junto a directoras y representantes de las instituciones educativas participantes. La jornada form\u00f3 parte de las acciones conjuntas orientadas a fortalecer la <strong>educaci\u00f3n ambiental y la econom\u00eda circular<\/strong> en el distrito.<\/p>\n\n\n\n<p>Del encuentro participaron el <strong>Director de Ambiente, Gustavo Sol\u00e1<\/strong>, el <strong>Secretario de Desarrollo de la Comunidad, Walter S\u00e1nchez<\/strong>, y el <strong>Subsecretario de Desarrollo Econ\u00f3mico, Ariel \u00c1lvarez<\/strong>, quienes realizaron junto a las comunidades educativas un <strong>balance de los primeros dos meses de trabajo<\/strong> del programa.<\/p>\n\n\n\n<p>Durante este per\u00edodo, las escuelas lograron <strong>recuperar m\u00e1s de 8.300 kilos de materiales reciclables<\/strong>, los cuales fueron derivados en \u00f3ptimas condiciones a la <strong>planta de separaci\u00f3n municipal<\/strong>. Este importante avance refleja el <strong>compromiso de docentes, estudiantes y familias<\/strong>, quienes participan activamente en la <strong>recolecci\u00f3n y clasificaci\u00f3n de papel, cart\u00f3n, pl\u00e1sticos y latas<\/strong>, transformando los residuos domiciliarios en <strong>recursos \u00fatiles para las instituciones<\/strong>.<\/p>\n\n\n\n<p>El programa <strong>\u201cDesde el Aula\u201d<\/strong> invita a los estudiantes a <strong>llevar materiales reciclables a sus escuelas<\/strong>, donde son <strong>pesados y registrados por el Municipio<\/strong>. Por cada diez kilos recuperados, las instituciones suman puntos que pueden <strong>canjear por premios relacionados con el cuidado ambiental<\/strong>, como <strong>composteras, bancos y sillitas de pl\u00e1stico reciclado, luminarias solares o pelotas para actividades recreativas<\/strong>.<\/p>\n\n\n\n<p>Esta iniciativa se consolida como un <strong>ejemplo de Econom\u00eda Circular con Inclusi\u00f3n Social<\/strong>, al integrar el esfuerzo de <strong>escuelas, Municipio y recuperadores urbanos<\/strong>, generando beneficios tanto <strong>ambientales como comunitarios<\/strong>. Adem\u00e1s, <strong>refuerza la educaci\u00f3n ambiental como herramienta de transformaci\u00f3n<\/strong>, promoviendo <strong>valores y pr\u00e1cticas sostenibles<\/strong> en las nuevas generaciones.<\/p>\n\n\n\n<p>Desde la Municipalidad de San Pedro se destac\u00f3 la <strong>articulaci\u00f3n constante con las instituciones educativas<\/strong>, agradeciendo el <strong>compromiso docente y estudiantil<\/strong> que demuestra que una <strong>gesti\u00f3n ambiental sustentable es posible cuando se trabaja colectivamente<\/strong>.<\/p>\n\n\n\n<p>#DesdeElAula #Educaci\u00f3nAmbiental #Econom\u00edaCircular #SanPedroSustentable #Ambiente #Reciclaje #MunicipalidadDeSanPedro<\/p>\n\n\n\n<div class=\"wp-block-jetpack-slideshow aligncenter\" data-effect=\"slide\"><div class=\"wp-block-jetpack-slideshow_container swiper-container\"><ul class=\"wp-block-jetpack-slideshow_swiper-wrapper swiper-wrapper\"><li class=\"wp-block-jetpack-slideshow_slide swiper-slide\"><figure><img decoding=\"async\" width=\"946\" height=\"630\" alt=\"\" class=\"wp-block-jetpack-slideshow_image wp-image-144977 lazyload\" data-id=\"144977\" data-src=\"https:\/\/eldiariodesanpedro.com.ar\/sitio\/wp-content\/uploads\/2025\/11\/Imagen-de-WhatsApp-2025-11-04-a-las-13.21.32_c6970dc7.jpg\" data-srcset=\"https:\/\/eldiariodesanpedro.com.ar\/sitio\/wp-content\/uploads\/2025\/11\/Imagen-de-WhatsApp-2025-11-04-a-las-13.21.32_c6970dc7.jpg 946w, https:\/\/eldiariodesanpedro.com.ar\/sitio\/wp-content\/uploads\/2025\/11\/Imagen-de-WhatsApp-2025-11-04-a-las-13.21.32_c6970dc7-300x200.jpg 300w, https:\/\/eldiariodesanpedro.com.ar\/sitio\/wp-content\/uploads\/2025\/11\/Imagen-de-WhatsApp-2025-11-04-a-las-13.21.32_c6970dc7-768x511.jpg 768w\" data-sizes=\"(max-width: 946px) 100vw, 946px\" src=\"data:image\/svg+xml;base64,PHN2ZyB3aWR0aD0iMSIgaGVpZ2h0PSIxIiB4bWxucz0iaHR0cDovL3d3dy53My5vcmcvMjAwMC9zdmciPjwvc3ZnPg==\" style=\"--smush-placeholder-width: 946px; --smush-placeholder-aspect-ratio: 946\/630;\" \/><\/figure><\/li><li class=\"wp-block-jetpack-slideshow_slide swiper-slide\"><figure><img decoding=\"async\" width=\"946\" height=\"630\" alt=\"\" class=\"wp-block-jetpack-slideshow_image wp-image-144975 lazyload\" data-id=\"144975\" data-src=\"https:\/\/eldiariodesanpedro.com.ar\/sitio\/wp-content\/uploads\/2025\/11\/Imagen-de-WhatsApp-2025-11-04-a-las-13.21.32_6ff0cb48.jpg\" data-srcset=\"https:\/\/eldiariodesanpedro.com.ar\/sitio\/wp-content\/uploads\/2025\/11\/Imagen-de-WhatsApp-2025-11-04-a-las-13.21.32_6ff0cb48.jpg 946w, https:\/\/eldiariodesanpedro.com.ar\/sitio\/wp-content\/uploads\/2025\/11\/Imagen-de-WhatsApp-2025-11-04-a-las-13.21.32_6ff0cb48-300x200.jpg 300w, https:\/\/eldiariodesanpedro.com.ar\/sitio\/wp-content\/uploads\/2025\/11\/Imagen-de-WhatsApp-2025-11-04-a-las-13.21.32_6ff0cb48-768x511.jpg 768w\" data-sizes=\"(max-width: 946px) 100vw, 946px\" src=\"data:image\/svg+xml;base64,PHN2ZyB3aWR0aD0iMSIgaGVpZ2h0PSIxIiB4bWxucz0iaHR0cDovL3d3dy53My5vcmcvMjAwMC9zdmciPjwvc3ZnPg==\" style=\"--smush-placeholder-width: 946px; --smush-placeholder-aspect-ratio: 946\/630;\" \/><\/figure><\/li><li class=\"wp-block-jetpack-slideshow_slide swiper-slide\"><figure><img decoding=\"async\" width=\"946\" height=\"630\" alt=\"\" class=\"wp-block-jetpack-slideshow_image wp-image-144974 lazyload\" data-id=\"144974\" data-src=\"https:\/\/eldiariodesanpedro.com.ar\/sitio\/wp-content\/uploads\/2025\/11\/Imagen-de-WhatsApp-2025-11-04-a-las-13.21.31_96ef991d.jpg\" data-srcset=\"https:\/\/eldiariodesanpedro.com.ar\/sitio\/wp-content\/uploads\/2025\/11\/Imagen-de-WhatsApp-2025-11-04-a-las-13.21.31_96ef991d.jpg 946w, https:\/\/eldiariodesanpedro.com.ar\/sitio\/wp-content\/uploads\/2025\/11\/Imagen-de-WhatsApp-2025-11-04-a-las-13.21.31_96ef991d-300x200.jpg 300w, https:\/\/eldiariodesanpedro.com.ar\/sitio\/wp-content\/uploads\/2025\/11\/Imagen-de-WhatsApp-2025-11-04-a-las-13.21.31_96ef991d-768x511.jpg 768w\" data-sizes=\"(max-width: 946px) 100vw, 946px\" src=\"data:image\/svg+xml;base64,PHN2ZyB3aWR0aD0iMSIgaGVpZ2h0PSIxIiB4bWxucz0iaHR0cDovL3d3dy53My5vcmcvMjAwMC9zdmciPjwvc3ZnPg==\" style=\"--smush-placeholder-width: 946px; --smush-placeholder-aspect-ratio: 946\/630;\" \/><\/figure><\/li><\/ul><a class=\"wp-block-jetpack-slideshow_button-prev swiper-button-prev swiper-button-white\" role=\"button\"><\/a><a class=\"wp-block-jetpack-slideshow_button-next swiper-button-next swiper-button-white\" role=\"button\"><\/a><a aria-label=\"Pause Slideshow\" class=\"wp-block-jetpack-slideshow_button-pause\" role=\"button\"><\/a><div class=\"wp-block-jetpack-slideshow_pagination swiper-pagination swiper-pagination-white\"><\/div><\/div><\/div>\n","protected":false},"excerpt":{"rendered":"<p>M\u00e1s de 8.300 kilos de materiales reciclables fueron recuperados por las escuelas participantes del programa \u201cDesde el Aula\u201d, fortaleciendo la educaci\u00f3n ambiental y la econom\u00eda circular. La Municipalidad de San Pedro, a trav\u00e9s de la Direcci\u00f3n de Medio Ambiente dependiente de la Secretar\u00eda de Desarrollo Econ\u00f3mico, llev\u00f3 a cabo un encuentro de evaluaci\u00f3n del programa [&hellip;]<\/p>\n","protected":false},"author":4,"featured_media":144976,"comment_status":"closed","ping_status":"closed","sticky":false,"template":"","format":"standard","meta":{"om_disable_all_campaigns":false,"_jetpack_memberships_contains_paid_content":false,"footnotes":""},"categories":[101,2],"tags":[4111,5850,4112,6883,3758,5849,7225,6881,7226],"class_list":["post-144973","post","type-post","status-publish","format-standard","has-post-thumbnail","hentry","category-interes-general-locales","category-locales","tag-economia-circular","tag-educacion-ambiental-san-pedro","tag-gestion-ambiental","tag-gustavo-sola","tag-municipalidad-de-san-pedro","tag-programa-desde-el-aula","tag-reciclaje-escolar","tag-residuos-reciclables","tag-sostenibilidad"],"aioseo_notices":[],"gutentor_comment":0,"jetpack_featured_media_url":"https:\/\/eldiariodesanpedro.com.ar\/sitio\/wp-content\/uploads\/2025\/11\/Imagen-de-WhatsApp-2025-11-04-a-las-13.21.32_bc7736b3.jpg","jetpack_shortlink":"https:\/\/wp.me\/p6RhLt-BIh","jetpack_sharing_enabled":true,"_links":{"self":[{"href":"https:\/\/eldiariodesanpedro.com.ar\/sitio\/wp-json\/wp\/v2\/posts\/144973","targetHints":{"allow":["GET"]}}],"collection":[{"href":"https:\/\/eldiariodesanpedro.com.ar\/sitio\/wp-json\/wp\/v2\/posts"}],"about":[{"href":"https:\/\/eldiariodesanpedro.com.ar\/sitio\/wp-json\/wp\/v2\/types\/post"}],"author":[{"embeddable":true,"href":"https:\/\/eldiariodesanpedro.com.ar\/sitio\/wp-json\/wp\/v2\/users\/4"}],"replies":[{"embeddable":true,"href":"https:\/\/eldiariodesanpedro.com.ar\/sitio\/wp-json\/wp\/v2\/comments?post=144973"}],"version-history":[{"count":1,"href":"https:\/\/eldiariodesanpedro.com.ar\/sitio\/wp-json\/wp\/v2\/posts\/144973\/revisions"}],"predecessor-version":[{"id":144978,"href":"https:\/\/eldiariodesanpedro.com.ar\/sitio\/wp-json\/wp\/v2\/posts\/144973\/revisions\/144978"}],"wp:featuredmedia":[{"embeddable":true,"href":"https:\/\/eldiariodesanpedro.com.ar\/sitio\/wp-json\/wp\/v2\/media\/144976"}],"wp:attachment":[{"href":"https:\/\/eldiariodesanpedro.com.ar\/sitio\/wp-json\/wp\/v2\/media?parent=144973"}],"wp:term":[{"taxonomy":"category","embeddable":true,"href":"https:\/\/eldiariodesanpedro.com.ar\/sitio\/wp-json\/wp\/v2\/categories?post=144973"},{"taxonomy":"post_tag","embeddable":true,"href":"https:\/\/eldiariodesanpedro.com.ar\/sitio\/wp-json\/wp\/v2\/tags?post=144973"}],"curies":[{"name":"wp","href":"https:\/\/api.w.org\/{rel}","templated":true}]}}