{"id":14494,"date":"2017-02-10T20:43:27","date_gmt":"2017-02-10T23:43:27","guid":{"rendered":"https:\/\/eldiariodesanpedro.com.ar\/sitio\/?p=14494"},"modified":"2017-02-10T20:43:27","modified_gmt":"2017-02-10T23:43:27","slug":"accidente-entre-un-automovil-y-una-moto","status":"publish","type":"post","link":"https:\/\/eldiariodesanpedro.com.ar\/sitio\/accidente-entre-un-automovil-y-una-moto\/","title":{"rendered":"Accidente entre un autom\u00f3vil y una moto"},"content":{"rendered":"<p><!-- VideographyWP Plugin Message: Automatic video embedding prevented by plugin options. --><br \/>\nEn la noche de hoy,  alrededor de las 20:10 se produjo un accidente de tr\u00e1nsito en la esquina de Chivilcoy y 3 de Febrero, donde una moto tipo 110 cc conducida por un joven de 18 a\u00f1os y su acompa\u00f1ante de 22 a\u00f1os de edad quienes colisionaron con un autom\u00f3vil Wolksvagen Suran blanco conducida por una se\u00f1ora mayor de edad. <\/p>\n<p>Los j\u00f3venes fueron trasladados por el servicio 101 y solo uno de ellos presentaba herida de consideraci\u00f3n.  <\/p>\n<p>Seg\u00fan la conductora del veh\u00edculo nos coment\u00f3 que la moto circulaba a alta velocidad y los dos j\u00f3venes sin casco. <\/p>\n","protected":false},"excerpt":{"rendered":"<p>En la noche de hoy, alrededor de las 20:10 se produjo un accidente de tr\u00e1nsito en la esquina de Chivilcoy y 3 de Febrero, donde una moto tipo 110 cc conducida por un joven de 18 a\u00f1os y su acompa\u00f1ante de 22 a\u00f1os de edad quienes colisionaron con un autom\u00f3vil Wolksvagen Suran blanco conducida por [&hellip;]<\/p>\n","protected":false},"author":4,"featured_media":14498,"comment_status":"open","ping_status":"closed","sticky":false,"template":"","format":"standard","meta":{"om_disable_all_campaigns":false,"_jetpack_memberships_contains_paid_content":false,"footnotes":""},"categories":[50,2,103],"tags":[],"class_list":["post-14494","post","type-post","status-publish","format-standard","has-post-thumbnail","hentry","category-destacadas","category-locales","category-policiales-locales"],"aioseo_notices":[],"gutentor_comment":0,"jetpack_featured_media_url":"https:\/\/eldiariodesanpedro.com.ar\/sitio\/wp-content\/uploads\/2017\/02\/IMG_20170210_201640606-e1486769987766.jpg","jetpack_shortlink":"https:\/\/wp.me\/p6RhLt-3LM","jetpack_sharing_enabled":true,"_links":{"self":[{"href":"https:\/\/eldiariodesanpedro.com.ar\/sitio\/wp-json\/wp\/v2\/posts\/14494","targetHints":{"allow":["GET"]}}],"collection":[{"href":"https:\/\/eldiariodesanpedro.com.ar\/sitio\/wp-json\/wp\/v2\/posts"}],"about":[{"href":"https:\/\/eldiariodesanpedro.com.ar\/sitio\/wp-json\/wp\/v2\/types\/post"}],"author":[{"embeddable":true,"href":"https:\/\/eldiariodesanpedro.com.ar\/sitio\/wp-json\/wp\/v2\/users\/4"}],"replies":[{"embeddable":true,"href":"https:\/\/eldiariodesanpedro.com.ar\/sitio\/wp-json\/wp\/v2\/comments?post=14494"}],"version-history":[{"count":1,"href":"https:\/\/eldiariodesanpedro.com.ar\/sitio\/wp-json\/wp\/v2\/posts\/14494\/revisions"}],"predecessor-version":[{"id":14497,"href":"https:\/\/eldiariodesanpedro.com.ar\/sitio\/wp-json\/wp\/v2\/posts\/14494\/revisions\/14497"}],"wp:featuredmedia":[{"embeddable":true,"href":"https:\/\/eldiariodesanpedro.com.ar\/sitio\/wp-json\/wp\/v2\/media\/14498"}],"wp:attachment":[{"href":"https:\/\/eldiariodesanpedro.com.ar\/sitio\/wp-json\/wp\/v2\/media?parent=14494"}],"wp:term":[{"taxonomy":"category","embeddable":true,"href":"https:\/\/eldiariodesanpedro.com.ar\/sitio\/wp-json\/wp\/v2\/categories?post=14494"},{"taxonomy":"post_tag","embeddable":true,"href":"https:\/\/eldiariodesanpedro.com.ar\/sitio\/wp-json\/wp\/v2\/tags?post=14494"}],"curies":[{"name":"wp","href":"https:\/\/api.w.org\/{rel}","templated":true}]}}