{"id":144934,"date":"2025-11-03T15:28:10","date_gmt":"2025-11-03T18:28:10","guid":{"rendered":"https:\/\/eldiariodesanpedro.com.ar\/sitio\/?p=144934"},"modified":"2025-11-03T15:28:15","modified_gmt":"2025-11-03T18:28:15","slug":"retuvieron-siete-vehiculos-y-varios-conductores-fueron-imputados-por-alcoholemia-positiva","status":"publish","type":"post","link":"https:\/\/eldiariodesanpedro.com.ar\/sitio\/retuvieron-siete-vehiculos-y-varios-conductores-fueron-imputados-por-alcoholemia-positiva\/","title":{"rendered":"Retuvieron siete veh\u00edculos y varios conductores fueron imputados por alcoholemia positiva"},"content":{"rendered":"<!-- VideographyWP Plugin Message: Automatic video embedding prevented by plugin options. -->\n\n<p>Durante operativos conjuntos entre Tr\u00e1nsito Municipal y la Polic\u00eda Comunal, se secuestraron siete veh\u00edculos y se detectaron conductores con niveles elevados de alcohol en sangre.<\/p>\n\n\n\n<p>Agentes de la <strong>Direcci\u00f3n de Tr\u00e1nsito de la Municipalidad<\/strong>, en coordinaci\u00f3n con la <strong>Estaci\u00f3n de Polic\u00eda Comunal (EPC)<\/strong>, realizaron <strong>operativos de control vehicular<\/strong> que derivaron en la <strong>retenci\u00f3n de siete veh\u00edculos<\/strong> y la <strong>imputaci\u00f3n de varios conductores por alcoholemia positiva<\/strong>.<\/p>\n\n\n\n<p>El personal, bajo la supervisi\u00f3n del <strong>Director de Tr\u00e1nsito, Armando Caballero<\/strong>, <strong>incaut\u00f3 cuatro motocicletas y tres autom\u00f3viles<\/strong>.<\/p>\n\n\n\n<p>Las <strong>motocicletas<\/strong> fueron retenidas por distintas infracciones: <strong>una por resultado positivo de alcoholemia<\/strong> y las <strong>otras tres por falta de documentaci\u00f3n reglamentaria<\/strong>.<\/p>\n\n\n\n<p>En cuanto a los <strong>autom\u00f3viles<\/strong>, los <strong>tres conductores<\/strong> fueron detectados <strong>con alcoholemia positiva<\/strong>, registr\u00e1ndose <strong>valores alarmantes<\/strong> que alcanzaron <strong>0.93 g\/l y 1.15 g\/l<\/strong>, <strong>superando ampliamente el l\u00edmite legal permitido<\/strong>.<\/p>\n\n\n\n<p>Estos procedimientos forman parte de los <strong>controles preventivos de seguridad vial<\/strong> que se realizan en distintos puntos de la ciudad con el objetivo de <strong>reducir los riesgos en la v\u00eda p\u00fablica<\/strong> y <strong>promover una conducci\u00f3n responsable<\/strong>.<\/p>\n\n\n\n<p>#Tr\u00e1nsito #ControlesVehiculares #Alcoholemia #SeguridadVial #Municipalidad #SanPedro<\/p>\n","protected":false},"excerpt":{"rendered":"<p>Durante operativos conjuntos entre Tr\u00e1nsito Municipal y la Polic\u00eda Comunal, se secuestraron siete veh\u00edculos y se detectaron conductores con niveles elevados de alcohol en sangre. Agentes de la Direcci\u00f3n de Tr\u00e1nsito de la Municipalidad, en coordinaci\u00f3n con la Estaci\u00f3n de Polic\u00eda Comunal (EPC), realizaron operativos de control vehicular que derivaron en la retenci\u00f3n de siete [&hellip;]<\/p>\n","protected":false},"author":4,"featured_media":144935,"comment_status":"closed","ping_status":"closed","sticky":false,"template":"","format":"standard","meta":{"om_disable_all_campaigns":false,"_jetpack_memberships_contains_paid_content":false,"footnotes":""},"categories":[2,103],"tags":[7191,7194,7190,4026,7193,7192],"class_list":["post-144934","post","type-post","status-publish","format-standard","has-post-thumbnail","hentry","category-locales","category-policiales-locales","tag-alcoholemia-positiva","tag-armando-caballero","tag-controles-de-transito-san-pedro","tag-operativos-policiales","tag-seguridad-vial-municipal","tag-vehiculos-retenidos"],"aioseo_notices":[],"gutentor_comment":0,"jetpack_featured_media_url":"https:\/\/eldiariodesanpedro.com.ar\/sitio\/wp-content\/uploads\/2025\/11\/WhatsApp-Image-2025-11-02-at-12.00.19.jpeg","jetpack_shortlink":"https:\/\/wp.me\/p6RhLt-BHE","jetpack_sharing_enabled":true,"_links":{"self":[{"href":"https:\/\/eldiariodesanpedro.com.ar\/sitio\/wp-json\/wp\/v2\/posts\/144934","targetHints":{"allow":["GET"]}}],"collection":[{"href":"https:\/\/eldiariodesanpedro.com.ar\/sitio\/wp-json\/wp\/v2\/posts"}],"about":[{"href":"https:\/\/eldiariodesanpedro.com.ar\/sitio\/wp-json\/wp\/v2\/types\/post"}],"author":[{"embeddable":true,"href":"https:\/\/eldiariodesanpedro.com.ar\/sitio\/wp-json\/wp\/v2\/users\/4"}],"replies":[{"embeddable":true,"href":"https:\/\/eldiariodesanpedro.com.ar\/sitio\/wp-json\/wp\/v2\/comments?post=144934"}],"version-history":[{"count":1,"href":"https:\/\/eldiariodesanpedro.com.ar\/sitio\/wp-json\/wp\/v2\/posts\/144934\/revisions"}],"predecessor-version":[{"id":144936,"href":"https:\/\/eldiariodesanpedro.com.ar\/sitio\/wp-json\/wp\/v2\/posts\/144934\/revisions\/144936"}],"wp:featuredmedia":[{"embeddable":true,"href":"https:\/\/eldiariodesanpedro.com.ar\/sitio\/wp-json\/wp\/v2\/media\/144935"}],"wp:attachment":[{"href":"https:\/\/eldiariodesanpedro.com.ar\/sitio\/wp-json\/wp\/v2\/media?parent=144934"}],"wp:term":[{"taxonomy":"category","embeddable":true,"href":"https:\/\/eldiariodesanpedro.com.ar\/sitio\/wp-json\/wp\/v2\/categories?post=144934"},{"taxonomy":"post_tag","embeddable":true,"href":"https:\/\/eldiariodesanpedro.com.ar\/sitio\/wp-json\/wp\/v2\/tags?post=144934"}],"curies":[{"name":"wp","href":"https:\/\/api.w.org\/{rel}","templated":true}]}}