{"id":144922,"date":"2025-11-03T14:37:10","date_gmt":"2025-11-03T17:37:10","guid":{"rendered":"https:\/\/eldiariodesanpedro.com.ar\/sitio\/?p=144922"},"modified":"2025-11-03T14:37:14","modified_gmt":"2025-11-03T17:37:14","slug":"aprehendido-por-estado-de-ebriedad-y-disturbio-en-la-via-publica","status":"publish","type":"post","link":"https:\/\/eldiariodesanpedro.com.ar\/sitio\/aprehendido-por-estado-de-ebriedad-y-disturbio-en-la-via-publica\/","title":{"rendered":"Aprehendido por estado de ebriedad y disturbio en la v\u00eda p\u00fablica"},"content":{"rendered":"<!-- VideographyWP Plugin Message: Automatic video embedding prevented by plugin options. -->\n\n<p>Un joven de 28 a\u00f1os fue detenido tras provocar disturbios en la v\u00eda p\u00fablica mientras se encontraba en evidente estado de ebriedad.<\/p>\n\n\n\n<p>Personal policial <strong>aprehendi\u00f3 a un masculino de 28 a\u00f1os de edad<\/strong> en horas de la tarde del d\u00eda de ayer en <strong>calle Dr. Ruffa al 800<\/strong>, luego de que protagonizara un <strong>altercado en la v\u00eda p\u00fablica<\/strong>. El sujeto se encontraba <strong>en estado de ebriedad y alterando el orden<\/strong>, motivo por el cual fue trasladado a la dependencia policial.<\/p>\n\n\n\n<p>El hecho fue puesto en conocimiento del <strong>Juzgado de Paz local<\/strong>, que <strong>interviene en las actuaciones<\/strong> correspondientes por infracci\u00f3n al orden p\u00fablico.<\/p>\n\n\n\n<p>#Policiales #SanPedro #Aprehendido #EstadoDeEbriedad #Seguridad #OrdenPublico<\/p>\n","protected":false},"excerpt":{"rendered":"<p>Un joven de 28 a\u00f1os fue detenido tras provocar disturbios en la v\u00eda p\u00fablica mientras se encontraba en evidente estado de ebriedad. Personal policial aprehendi\u00f3 a un masculino de 28 a\u00f1os de edad en horas de la tarde del d\u00eda de ayer en calle Dr. Ruffa al 800, luego de que protagonizara un altercado en [&hellip;]<\/p>\n","protected":false},"author":4,"featured_media":144923,"comment_status":"closed","ping_status":"closed","sticky":false,"template":"","format":"standard","meta":{"om_disable_all_campaigns":false,"_jetpack_memberships_contains_paid_content":false,"footnotes":""},"categories":[2,103],"tags":[7102,7181,6906,1744,5053],"class_list":["post-144922","post","type-post","status-publish","format-standard","has-post-thumbnail","hentry","category-locales","category-policiales-locales","tag-aprehendido-san-pedro","tag-disturbio-via-publica","tag-estado-de-ebriedad","tag-juzgado-de-paz","tag-policia-san-pedro"],"aioseo_notices":[],"gutentor_comment":0,"jetpack_featured_media_url":"https:\/\/eldiariodesanpedro.com.ar\/sitio\/wp-content\/uploads\/2025\/11\/medida-2.jpg","jetpack_shortlink":"https:\/\/wp.me\/p6RhLt-BHs","jetpack_sharing_enabled":true,"_links":{"self":[{"href":"https:\/\/eldiariodesanpedro.com.ar\/sitio\/wp-json\/wp\/v2\/posts\/144922","targetHints":{"allow":["GET"]}}],"collection":[{"href":"https:\/\/eldiariodesanpedro.com.ar\/sitio\/wp-json\/wp\/v2\/posts"}],"about":[{"href":"https:\/\/eldiariodesanpedro.com.ar\/sitio\/wp-json\/wp\/v2\/types\/post"}],"author":[{"embeddable":true,"href":"https:\/\/eldiariodesanpedro.com.ar\/sitio\/wp-json\/wp\/v2\/users\/4"}],"replies":[{"embeddable":true,"href":"https:\/\/eldiariodesanpedro.com.ar\/sitio\/wp-json\/wp\/v2\/comments?post=144922"}],"version-history":[{"count":1,"href":"https:\/\/eldiariodesanpedro.com.ar\/sitio\/wp-json\/wp\/v2\/posts\/144922\/revisions"}],"predecessor-version":[{"id":144924,"href":"https:\/\/eldiariodesanpedro.com.ar\/sitio\/wp-json\/wp\/v2\/posts\/144922\/revisions\/144924"}],"wp:featuredmedia":[{"embeddable":true,"href":"https:\/\/eldiariodesanpedro.com.ar\/sitio\/wp-json\/wp\/v2\/media\/144923"}],"wp:attachment":[{"href":"https:\/\/eldiariodesanpedro.com.ar\/sitio\/wp-json\/wp\/v2\/media?parent=144922"}],"wp:term":[{"taxonomy":"category","embeddable":true,"href":"https:\/\/eldiariodesanpedro.com.ar\/sitio\/wp-json\/wp\/v2\/categories?post=144922"},{"taxonomy":"post_tag","embeddable":true,"href":"https:\/\/eldiariodesanpedro.com.ar\/sitio\/wp-json\/wp\/v2\/tags?post=144922"}],"curies":[{"name":"wp","href":"https:\/\/api.w.org\/{rel}","templated":true}]}}