{"id":144897,"date":"2025-11-03T12:04:07","date_gmt":"2025-11-03T15:04:07","guid":{"rendered":"https:\/\/eldiariodesanpedro.com.ar\/sitio\/?p=144897"},"modified":"2025-11-03T12:04:11","modified_gmt":"2025-11-03T15:04:11","slug":"presentacion-de-un-nuevo-habitante-del-museo-y-declaracion-de-interes-legislativo-provincial-para-el-grupo-conservacionista-de-fosiles","status":"publish","type":"post","link":"https:\/\/eldiariodesanpedro.com.ar\/sitio\/presentacion-de-un-nuevo-habitante-del-museo-y-declaracion-de-interes-legislativo-provincial-para-el-grupo-conservacionista-de-fosiles\/","title":{"rendered":"Presentaci\u00f3n de un nuevo habitante del Museo y declaraci\u00f3n de inter\u00e9s legislativo provincial para el Grupo Conservacionista de F\u00f3siles"},"content":{"rendered":"<!-- VideographyWP Plugin Message: Automatic video embedding prevented by plugin options. -->\n\n<p>El Museo Paleontol\u00f3gico de San Pedro celebr\u00f3 un nuevo aniversario del yacimiento Campo Sp\u00f3sito con la presentaci\u00f3n de un Toxodon platensis y un reconocimiento provincial al Grupo Conservacionista de F\u00f3siles.<\/p>\n\n\n\n<p>En el marco del <strong>24\u00b0 aniversario del descubrimiento del yacimiento Campo Sp\u00f3sito<\/strong>, el <strong>Museo Paleontol\u00f3gico de San Pedro<\/strong> present\u00f3 un nuevo ejemplar reconstruido: un <strong>Toxodon platensis<\/strong>, uno de los mam\u00edferos m\u00e1s representativos de la <strong>prehistoria pampeana<\/strong>. Adem\u00e1s, el <strong>Grupo Conservacionista de F\u00f3siles<\/strong> recibi\u00f3 la <strong>Declaraci\u00f3n de Inter\u00e9s Legislativo Provincial<\/strong> por su destacada labor cient\u00edfica y cultural.<\/p>\n\n\n\n<p>El descubrimiento original tuvo lugar el <strong>24 de noviembre del a\u00f1o 2000<\/strong>, en <strong>Bajo del Tala<\/strong>, y desde entonces la familia propietaria del campo ha permitido el desarrollo de un <strong>constante trabajo de investigaci\u00f3n paleontol\u00f3gica<\/strong>.<br>\u201cHoy conocemos gran parte de la prehistoria de San Pedro y la regi\u00f3n gracias a los hallazgos que sigue brindando ese sitio. Ya son m\u00e1s de <strong>20 g\u00e9neros de mam\u00edferos, reptiles y peces<\/strong> recuperados all\u00ed\u201d, se\u00f1alaron desde el museo.<\/p>\n\n\n\n<p>El <strong>Toxodon platensis<\/strong>, tambi\u00e9n conocido como <strong>Toxodonte<\/strong>, fue un <strong>mam\u00edfero herb\u00edvoro<\/strong> de gran tama\u00f1o \u2014<strong>3 metros de longitud y 1.000 kilos de peso aproximado<\/strong>\u2014 que habit\u00f3 la regi\u00f3n pampeana. Estos animales llamaron la atenci\u00f3n de <strong>Charles Darwin<\/strong> durante su paso por la Argentina en 1833, siendo clave en el desarrollo de su <strong>teor\u00eda de la evoluci\u00f3n<\/strong>.<\/p>\n\n\n\n<p>La excavaci\u00f3n cont\u00f3 con la participaci\u00f3n de numerosos colaboradores, entre ellos <strong>Manuel S\u00e1nchez, Santiago Ferreyra, Genaro Here\u00f1\u00fa, Sof\u00eda Acosta, Emma Lostal, Javier Fontanello, Fernando Chiodini, Martina Pereiro, Martina Hern\u00e1ndez, Milena Momo, Josefina Ucero, Candela Alcorta, Esmeralda Celi\u00e9, Luc\u00eda Schwindt, Pilar Fern\u00e1ndez, In\u00e9s O\u2019Riordon, Juana Morales, Walter Parra, Jorge Mart\u00ednez, Julio Simonini, Augusto Mole\u00f3n, Dar\u00edo Posadas, Javier Saucedo, Alexis Celi\u00e9 y Jos\u00e9 Luis Aguilar<\/strong>.<\/p>\n\n\n\n<p>Coincidiendo con esta presentaci\u00f3n, la <strong>Honorable C\u00e1mara de Diputados de la Provincia de Buenos Aires<\/strong> declar\u00f3 al <strong>Grupo Conservacionista de F\u00f3siles<\/strong> de <strong>\u201cInter\u00e9s Legislativo\u201d<\/strong>, a propuesta de la <strong>Diputada Constanza Moragues Santos<\/strong> del bloque <strong>Uni\u00f3n y Libertad<\/strong>. El reconocimiento destaca la <strong>trayectoria del equipo del Museo Paleontol\u00f3gico<\/strong>, sus <strong>aportes a la paleontolog\u00eda argentina<\/strong> y su rol en la creaci\u00f3n de <strong>espacios culturales y tur\u00edsticos emblem\u00e1ticos<\/strong> de San Pedro, como el <strong>Buque Museo<\/strong>, el <strong>Paseo de los T\u00faneles<\/strong> y el <strong>Museo de Obligado<\/strong>.<\/p>\n\n\n\n<p>La declaraci\u00f3n, aprobada por todos los bloques, subraya que \u201cdesde 1998, el Grupo ha mantenido un <strong>compromiso firme con la exploraci\u00f3n, recuperaci\u00f3n y preservaci\u00f3n del patrimonio paleontol\u00f3gico, arqueol\u00f3gico e hist\u00f3rico<\/strong> de su regi\u00f3n\u201d.<\/p>\n\n\n\n<p>\u201c<strong>Agradecemos profundamente a la Diputada Moragues y a todos los representantes de la C\u00e1mara por este aval tan importante<\/strong>. Es un reconocimiento que fortalece nuestro trabajo y el valor cultural y tur\u00edstico de San Pedro\u201d, expresaron desde el museo.<\/p>\n\n\n\n<p>#MuseoPaleontol\u00f3gicoSanPedro #GrupoConservacionistaDeF\u00f3siles #ToxodonPlatensis #Paleontolog\u00edaArgentina #CampoSp\u00f3sito #SanPedroHistoria #CulturaSampedrina #PatrimonioPaleontol\u00f3gico<\/p>\n\n\n\n<div class=\"wp-block-jetpack-slideshow aligncenter\" data-effect=\"slide\"><div class=\"wp-block-jetpack-slideshow_container swiper-container\"><ul class=\"wp-block-jetpack-slideshow_swiper-wrapper swiper-wrapper\"><li class=\"wp-block-jetpack-slideshow_slide swiper-slide\"><figure><img decoding=\"async\" width=\"473\" height=\"630\" alt=\"\" class=\"wp-block-jetpack-slideshow_image wp-image-144900 lazyload\" data-id=\"144900\" data-src=\"https:\/\/eldiariodesanpedro.com.ar\/sitio\/wp-content\/uploads\/2025\/11\/IMG-20251101-WA0078.jpg\" data-srcset=\"https:\/\/eldiariodesanpedro.com.ar\/sitio\/wp-content\/uploads\/2025\/11\/IMG-20251101-WA0078.jpg 473w, https:\/\/eldiariodesanpedro.com.ar\/sitio\/wp-content\/uploads\/2025\/11\/IMG-20251101-WA0078-225x300.jpg 225w\" data-sizes=\"(max-width: 473px) 100vw, 473px\" src=\"data:image\/svg+xml;base64,PHN2ZyB3aWR0aD0iMSIgaGVpZ2h0PSIxIiB4bWxucz0iaHR0cDovL3d3dy53My5vcmcvMjAwMC9zdmciPjwvc3ZnPg==\" style=\"--smush-placeholder-width: 473px; --smush-placeholder-aspect-ratio: 473\/630;\" \/><\/figure><\/li><li class=\"wp-block-jetpack-slideshow_slide swiper-slide\"><figure><img decoding=\"async\" width=\"473\" height=\"630\" alt=\"\" class=\"wp-block-jetpack-slideshow_image wp-image-144901 lazyload\" data-id=\"144901\" data-src=\"https:\/\/eldiariodesanpedro.com.ar\/sitio\/wp-content\/uploads\/2025\/11\/IMG-20251101-WA0088.jpg\" data-srcset=\"https:\/\/eldiariodesanpedro.com.ar\/sitio\/wp-content\/uploads\/2025\/11\/IMG-20251101-WA0088.jpg 473w, https:\/\/eldiariodesanpedro.com.ar\/sitio\/wp-content\/uploads\/2025\/11\/IMG-20251101-WA0088-225x300.jpg 225w\" data-sizes=\"(max-width: 473px) 100vw, 473px\" src=\"data:image\/svg+xml;base64,PHN2ZyB3aWR0aD0iMSIgaGVpZ2h0PSIxIiB4bWxucz0iaHR0cDovL3d3dy53My5vcmcvMjAwMC9zdmciPjwvc3ZnPg==\" style=\"--smush-placeholder-width: 473px; --smush-placeholder-aspect-ratio: 473\/630;\" \/><\/figure><\/li><li class=\"wp-block-jetpack-slideshow_slide swiper-slide\"><figure><img decoding=\"async\" width=\"473\" height=\"630\" alt=\"\" class=\"wp-block-jetpack-slideshow_image wp-image-144902 lazyload\" data-id=\"144902\" data-src=\"https:\/\/eldiariodesanpedro.com.ar\/sitio\/wp-content\/uploads\/2025\/11\/IMG-20251101-WA0092.jpg\" data-srcset=\"https:\/\/eldiariodesanpedro.com.ar\/sitio\/wp-content\/uploads\/2025\/11\/IMG-20251101-WA0092.jpg 473w, https:\/\/eldiariodesanpedro.com.ar\/sitio\/wp-content\/uploads\/2025\/11\/IMG-20251101-WA0092-225x300.jpg 225w\" data-sizes=\"(max-width: 473px) 100vw, 473px\" src=\"data:image\/svg+xml;base64,PHN2ZyB3aWR0aD0iMSIgaGVpZ2h0PSIxIiB4bWxucz0iaHR0cDovL3d3dy53My5vcmcvMjAwMC9zdmciPjwvc3ZnPg==\" style=\"--smush-placeholder-width: 473px; --smush-placeholder-aspect-ratio: 473\/630;\" \/><\/figure><\/li><li class=\"wp-block-jetpack-slideshow_slide swiper-slide\"><figure><img decoding=\"async\" width=\"473\" height=\"630\" alt=\"\" class=\"wp-block-jetpack-slideshow_image wp-image-144899 lazyload\" data-id=\"144899\" data-src=\"https:\/\/eldiariodesanpedro.com.ar\/sitio\/wp-content\/uploads\/2025\/11\/IMG-20251101-WA0094.jpg\" data-srcset=\"https:\/\/eldiariodesanpedro.com.ar\/sitio\/wp-content\/uploads\/2025\/11\/IMG-20251101-WA0094.jpg 473w, https:\/\/eldiariodesanpedro.com.ar\/sitio\/wp-content\/uploads\/2025\/11\/IMG-20251101-WA0094-225x300.jpg 225w\" data-sizes=\"(max-width: 473px) 100vw, 473px\" src=\"data:image\/svg+xml;base64,PHN2ZyB3aWR0aD0iMSIgaGVpZ2h0PSIxIiB4bWxucz0iaHR0cDovL3d3dy53My5vcmcvMjAwMC9zdmciPjwvc3ZnPg==\" style=\"--smush-placeholder-width: 473px; --smush-placeholder-aspect-ratio: 473\/630;\" \/><\/figure><\/li><li class=\"wp-block-jetpack-slideshow_slide swiper-slide\"><figure><img decoding=\"async\" width=\"840\" height=\"630\" alt=\"\" class=\"wp-block-jetpack-slideshow_image wp-image-144903 lazyload\" data-id=\"144903\" data-src=\"https:\/\/eldiariodesanpedro.com.ar\/sitio\/wp-content\/uploads\/2025\/11\/IMG-20251101-WA0106.jpg\" data-srcset=\"https:\/\/eldiariodesanpedro.com.ar\/sitio\/wp-content\/uploads\/2025\/11\/IMG-20251101-WA0106.jpg 840w, https:\/\/eldiariodesanpedro.com.ar\/sitio\/wp-content\/uploads\/2025\/11\/IMG-20251101-WA0106-300x225.jpg 300w, https:\/\/eldiariodesanpedro.com.ar\/sitio\/wp-content\/uploads\/2025\/11\/IMG-20251101-WA0106-768x576.jpg 768w, https:\/\/eldiariodesanpedro.com.ar\/sitio\/wp-content\/uploads\/2025\/11\/IMG-20251101-WA0106-272x204.jpg 272w\" data-sizes=\"(max-width: 840px) 100vw, 840px\" src=\"data:image\/svg+xml;base64,PHN2ZyB3aWR0aD0iMSIgaGVpZ2h0PSIxIiB4bWxucz0iaHR0cDovL3d3dy53My5vcmcvMjAwMC9zdmciPjwvc3ZnPg==\" style=\"--smush-placeholder-width: 840px; --smush-placeholder-aspect-ratio: 840\/630;\" \/><\/figure><\/li><li class=\"wp-block-jetpack-slideshow_slide swiper-slide\"><figure><img decoding=\"async\" width=\"1024\" height=\"576\" alt=\"\" class=\"wp-block-jetpack-slideshow_image wp-image-144904 lazyload\" data-id=\"144904\" data-aspect-ratio=\"1024 \/ 576\" data-src=\"https:\/\/eldiariodesanpedro.com.ar\/sitio\/wp-content\/uploads\/2025\/11\/IMG-20251103-WA0017-1024x576.jpg\" data-srcset=\"https:\/\/eldiariodesanpedro.com.ar\/sitio\/wp-content\/uploads\/2025\/11\/IMG-20251103-WA0017-1024x576.jpg 1024w, https:\/\/eldiariodesanpedro.com.ar\/sitio\/wp-content\/uploads\/2025\/11\/IMG-20251103-WA0017-300x169.jpg 300w, https:\/\/eldiariodesanpedro.com.ar\/sitio\/wp-content\/uploads\/2025\/11\/IMG-20251103-WA0017-768x432.jpg 768w, https:\/\/eldiariodesanpedro.com.ar\/sitio\/wp-content\/uploads\/2025\/11\/IMG-20251103-WA0017.jpg 1120w\" data-sizes=\"(max-width: 1024px) 100vw, 1024px\" src=\"data:image\/svg+xml;base64,PHN2ZyB3aWR0aD0iMSIgaGVpZ2h0PSIxIiB4bWxucz0iaHR0cDovL3d3dy53My5vcmcvMjAwMC9zdmciPjwvc3ZnPg==\" style=\"--smush-placeholder-width: 1024px; --smush-placeholder-aspect-ratio: 1024\/576;\" \/><\/figure><\/li><li class=\"wp-block-jetpack-slideshow_slide swiper-slide\"><figure><img decoding=\"async\" width=\"473\" height=\"630\" alt=\"\" class=\"wp-block-jetpack-slideshow_image wp-image-144905 lazyload\" data-id=\"144905\" data-src=\"https:\/\/eldiariodesanpedro.com.ar\/sitio\/wp-content\/uploads\/2025\/11\/IMG-20251103-WA0033.jpg\" data-srcset=\"https:\/\/eldiariodesanpedro.com.ar\/sitio\/wp-content\/uploads\/2025\/11\/IMG-20251103-WA0033.jpg 473w, https:\/\/eldiariodesanpedro.com.ar\/sitio\/wp-content\/uploads\/2025\/11\/IMG-20251103-WA0033-225x300.jpg 225w\" data-sizes=\"(max-width: 473px) 100vw, 473px\" src=\"data:image\/svg+xml;base64,PHN2ZyB3aWR0aD0iMSIgaGVpZ2h0PSIxIiB4bWxucz0iaHR0cDovL3d3dy53My5vcmcvMjAwMC9zdmciPjwvc3ZnPg==\" style=\"--smush-placeholder-width: 473px; --smush-placeholder-aspect-ratio: 473\/630;\" \/><\/figure><\/li><\/ul><a class=\"wp-block-jetpack-slideshow_button-prev swiper-button-prev swiper-button-white\" role=\"button\"><\/a><a class=\"wp-block-jetpack-slideshow_button-next swiper-button-next swiper-button-white\" role=\"button\"><\/a><a aria-label=\"Pause Slideshow\" class=\"wp-block-jetpack-slideshow_button-pause\" role=\"button\"><\/a><div class=\"wp-block-jetpack-slideshow_pagination swiper-pagination swiper-pagination-white\"><\/div><\/div><\/div>\n","protected":false},"excerpt":{"rendered":"<p>El Museo Paleontol\u00f3gico de San Pedro celebr\u00f3 un nuevo aniversario del yacimiento Campo Sp\u00f3sito con la presentaci\u00f3n de un Toxodon platensis y un reconocimiento provincial al Grupo Conservacionista de F\u00f3siles. En el marco del 24\u00b0 aniversario del descubrimiento del yacimiento Campo Sp\u00f3sito, el Museo Paleontol\u00f3gico de San Pedro present\u00f3 un nuevo ejemplar reconstruido: un Toxodon [&hellip;]<\/p>\n","protected":false},"author":4,"featured_media":144898,"comment_status":"closed","ping_status":"closed","sticky":false,"template":"","format":"standard","meta":{"om_disable_all_campaigns":false,"_jetpack_memberships_contains_paid_content":false,"footnotes":""},"categories":[50,101,2],"tags":[7170,7169,7173,6927,7168,7172,6678,7171,7174,7167],"class_list":["post-144897","post","type-post","status-publish","format-standard","has-post-thumbnail","hentry","category-destacadas","category-interes-general-locales","category-locales","tag-camara-de-diputados","tag-constanza-moragues-santos","tag-descubrimiento-campo-sposito","tag-grupo-conservacionista-de-fosiles","tag-interes-legislativo","tag-megafauna-pampeana","tag-museo-paleontologico-san-pedro","tag-paleontologia-argentina","tag-patrimonio-cultural-san-pedro","tag-toxodon-platensis"],"aioseo_notices":[],"gutentor_comment":0,"jetpack_featured_media_url":"https:\/\/eldiariodesanpedro.com.ar\/sitio\/wp-content\/uploads\/2025\/11\/medida.jpg","jetpack_shortlink":"https:\/\/wp.me\/p6RhLt-BH3","jetpack_sharing_enabled":true,"_links":{"self":[{"href":"https:\/\/eldiariodesanpedro.com.ar\/sitio\/wp-json\/wp\/v2\/posts\/144897","targetHints":{"allow":["GET"]}}],"collection":[{"href":"https:\/\/eldiariodesanpedro.com.ar\/sitio\/wp-json\/wp\/v2\/posts"}],"about":[{"href":"https:\/\/eldiariodesanpedro.com.ar\/sitio\/wp-json\/wp\/v2\/types\/post"}],"author":[{"embeddable":true,"href":"https:\/\/eldiariodesanpedro.com.ar\/sitio\/wp-json\/wp\/v2\/users\/4"}],"replies":[{"embeddable":true,"href":"https:\/\/eldiariodesanpedro.com.ar\/sitio\/wp-json\/wp\/v2\/comments?post=144897"}],"version-history":[{"count":1,"href":"https:\/\/eldiariodesanpedro.com.ar\/sitio\/wp-json\/wp\/v2\/posts\/144897\/revisions"}],"predecessor-version":[{"id":144906,"href":"https:\/\/eldiariodesanpedro.com.ar\/sitio\/wp-json\/wp\/v2\/posts\/144897\/revisions\/144906"}],"wp:featuredmedia":[{"embeddable":true,"href":"https:\/\/eldiariodesanpedro.com.ar\/sitio\/wp-json\/wp\/v2\/media\/144898"}],"wp:attachment":[{"href":"https:\/\/eldiariodesanpedro.com.ar\/sitio\/wp-json\/wp\/v2\/media?parent=144897"}],"wp:term":[{"taxonomy":"category","embeddable":true,"href":"https:\/\/eldiariodesanpedro.com.ar\/sitio\/wp-json\/wp\/v2\/categories?post=144897"},{"taxonomy":"post_tag","embeddable":true,"href":"https:\/\/eldiariodesanpedro.com.ar\/sitio\/wp-json\/wp\/v2\/tags?post=144897"}],"curies":[{"name":"wp","href":"https:\/\/api.w.org\/{rel}","templated":true}]}}