{"id":144881,"date":"2025-10-31T14:17:29","date_gmt":"2025-10-31T17:17:29","guid":{"rendered":"https:\/\/eldiariodesanpedro.com.ar\/sitio\/?p=144881"},"modified":"2025-10-31T14:17:35","modified_gmt":"2025-10-31T17:17:35","slug":"trabajo-conjunto-para-reacondicionar-las-instalaciones-de-la-escuela-especial-n-501","status":"publish","type":"post","link":"https:\/\/eldiariodesanpedro.com.ar\/sitio\/trabajo-conjunto-para-reacondicionar-las-instalaciones-de-la-escuela-especial-n-501\/","title":{"rendered":"Trabajo conjunto para reacondicionar las instalaciones de la Escuela Especial N\u00b0 501"},"content":{"rendered":"<!-- VideographyWP Plugin Message: Automatic video embedding prevented by plugin options. -->\n\n<p>La Municipalidad de San Pedro, el Consejo Escolar y la cooperadora de la instituci\u00f3n avanzan en la mejora edilicia con tareas de pintura y reacondicionamiento.<\/p>\n\n\n\n<p>La <strong>Direcci\u00f3n de Educaci\u00f3n de la Municipalidad de San Pedro<\/strong> lleva adelante <strong>trabajos de pintura en la Escuela Especial N\u00b0 501<\/strong>, en el marco de una <strong>acci\u00f3n conjunta entre el Consejo Escolar y la cooperadora de la instituci\u00f3n<\/strong>.<\/p>\n\n\n\n<p>La <strong>pintura fue adquirida gracias al aporte compartido<\/strong> entre el Consejo Escolar y la cooperadora, mientras que <strong>la mano de obra est\u00e1 a cargo del equipo de la Direcci\u00f3n de Educaci\u00f3n municipal<\/strong>.<\/p>\n\n\n\n<p>Este trabajo coordinado refleja el <strong>compromiso de las instituciones locales con la mejora de los espacios educativos<\/strong>, permitiendo que el establecimiento cuente con <strong>un entorno m\u00e1s agradable, seguro y adecuado para el desarrollo de las actividades escolares<\/strong>.<\/p>\n\n\n\n<p>#SanPedro #Educaci\u00f3n #EscuelaEspecial501 #ConsejoEscolar #MunicipalidadDeSanPedro #InfraestructuraEscolar #ObrasEnEscuelas<\/p>\n\n\n\n<div class=\"wp-block-jetpack-slideshow aligncenter\" data-effect=\"slide\"><div class=\"wp-block-jetpack-slideshow_container swiper-container\"><ul class=\"wp-block-jetpack-slideshow_swiper-wrapper swiper-wrapper\"><li class=\"wp-block-jetpack-slideshow_slide swiper-slide\"><figure><img decoding=\"async\" width=\"473\" height=\"630\" alt=\"\" class=\"wp-block-jetpack-slideshow_image wp-image-144886 lazyload\" data-id=\"144886\" data-src=\"https:\/\/eldiariodesanpedro.com.ar\/sitio\/wp-content\/uploads\/2025\/10\/Imagen-de-WhatsApp-2025-10-30-a-las-09.18.19_0fbb3e40.jpg\" data-srcset=\"https:\/\/eldiariodesanpedro.com.ar\/sitio\/wp-content\/uploads\/2025\/10\/Imagen-de-WhatsApp-2025-10-30-a-las-09.18.19_0fbb3e40.jpg 473w, https:\/\/eldiariodesanpedro.com.ar\/sitio\/wp-content\/uploads\/2025\/10\/Imagen-de-WhatsApp-2025-10-30-a-las-09.18.19_0fbb3e40-225x300.jpg 225w\" data-sizes=\"(max-width: 473px) 100vw, 473px\" src=\"data:image\/svg+xml;base64,PHN2ZyB3aWR0aD0iMSIgaGVpZ2h0PSIxIiB4bWxucz0iaHR0cDovL3d3dy53My5vcmcvMjAwMC9zdmciPjwvc3ZnPg==\" style=\"--smush-placeholder-width: 473px; --smush-placeholder-aspect-ratio: 473\/630;\" \/><\/figure><\/li><li class=\"wp-block-jetpack-slideshow_slide swiper-slide\"><figure><img decoding=\"async\" width=\"473\" height=\"630\" alt=\"\" class=\"wp-block-jetpack-slideshow_image wp-image-144884 lazyload\" data-id=\"144884\" data-src=\"https:\/\/eldiariodesanpedro.com.ar\/sitio\/wp-content\/uploads\/2025\/10\/Imagen-de-WhatsApp-2025-10-30-a-las-09.18.19_79aa34a7.jpg\" data-srcset=\"https:\/\/eldiariodesanpedro.com.ar\/sitio\/wp-content\/uploads\/2025\/10\/Imagen-de-WhatsApp-2025-10-30-a-las-09.18.19_79aa34a7.jpg 473w, https:\/\/eldiariodesanpedro.com.ar\/sitio\/wp-content\/uploads\/2025\/10\/Imagen-de-WhatsApp-2025-10-30-a-las-09.18.19_79aa34a7-225x300.jpg 225w\" data-sizes=\"(max-width: 473px) 100vw, 473px\" src=\"data:image\/svg+xml;base64,PHN2ZyB3aWR0aD0iMSIgaGVpZ2h0PSIxIiB4bWxucz0iaHR0cDovL3d3dy53My5vcmcvMjAwMC9zdmciPjwvc3ZnPg==\" style=\"--smush-placeholder-width: 473px; --smush-placeholder-aspect-ratio: 473\/630;\" \/><\/figure><\/li><li class=\"wp-block-jetpack-slideshow_slide swiper-slide\"><figure><img decoding=\"async\" width=\"354\" height=\"630\" alt=\"\" class=\"wp-block-jetpack-slideshow_image wp-image-144885 lazyload\" data-id=\"144885\" data-src=\"https:\/\/eldiariodesanpedro.com.ar\/sitio\/wp-content\/uploads\/2025\/10\/Imagen-de-WhatsApp-2025-10-30-a-las-09.18.19_d4296e8e.jpg\" data-srcset=\"https:\/\/eldiariodesanpedro.com.ar\/sitio\/wp-content\/uploads\/2025\/10\/Imagen-de-WhatsApp-2025-10-30-a-las-09.18.19_d4296e8e.jpg 354w, https:\/\/eldiariodesanpedro.com.ar\/sitio\/wp-content\/uploads\/2025\/10\/Imagen-de-WhatsApp-2025-10-30-a-las-09.18.19_d4296e8e-169x300.jpg 169w\" data-sizes=\"(max-width: 354px) 100vw, 354px\" src=\"data:image\/svg+xml;base64,PHN2ZyB3aWR0aD0iMSIgaGVpZ2h0PSIxIiB4bWxucz0iaHR0cDovL3d3dy53My5vcmcvMjAwMC9zdmciPjwvc3ZnPg==\" style=\"--smush-placeholder-width: 354px; --smush-placeholder-aspect-ratio: 354\/630;\" \/><\/figure><\/li><li class=\"wp-block-jetpack-slideshow_slide swiper-slide\"><figure><img decoding=\"async\" width=\"354\" height=\"630\" alt=\"\" class=\"wp-block-jetpack-slideshow_image wp-image-144883 lazyload\" data-id=\"144883\" data-src=\"https:\/\/eldiariodesanpedro.com.ar\/sitio\/wp-content\/uploads\/2025\/10\/Imagen-de-WhatsApp-2025-10-30-a-las-09.18.19_e23a7b1b.jpg\" data-srcset=\"https:\/\/eldiariodesanpedro.com.ar\/sitio\/wp-content\/uploads\/2025\/10\/Imagen-de-WhatsApp-2025-10-30-a-las-09.18.19_e23a7b1b.jpg 354w, https:\/\/eldiariodesanpedro.com.ar\/sitio\/wp-content\/uploads\/2025\/10\/Imagen-de-WhatsApp-2025-10-30-a-las-09.18.19_e23a7b1b-169x300.jpg 169w\" data-sizes=\"(max-width: 354px) 100vw, 354px\" src=\"data:image\/svg+xml;base64,PHN2ZyB3aWR0aD0iMSIgaGVpZ2h0PSIxIiB4bWxucz0iaHR0cDovL3d3dy53My5vcmcvMjAwMC9zdmciPjwvc3ZnPg==\" style=\"--smush-placeholder-width: 354px; --smush-placeholder-aspect-ratio: 354\/630;\" \/><\/figure><\/li><\/ul><a class=\"wp-block-jetpack-slideshow_button-prev swiper-button-prev swiper-button-white\" role=\"button\"><\/a><a class=\"wp-block-jetpack-slideshow_button-next swiper-button-next swiper-button-white\" role=\"button\"><\/a><a aria-label=\"Pause Slideshow\" class=\"wp-block-jetpack-slideshow_button-pause\" role=\"button\"><\/a><div class=\"wp-block-jetpack-slideshow_pagination swiper-pagination swiper-pagination-white\"><\/div><\/div><\/div>\n","protected":false},"excerpt":{"rendered":"<p>La Municipalidad de San Pedro, el Consejo Escolar y la cooperadora de la instituci\u00f3n avanzan en la mejora edilicia con tareas de pintura y reacondicionamiento. La Direcci\u00f3n de Educaci\u00f3n de la Municipalidad de San Pedro lleva adelante trabajos de pintura en la Escuela Especial N\u00b0 501, en el marco de una acci\u00f3n conjunta entre el [&hellip;]<\/p>\n","protected":false},"author":4,"featured_media":144882,"comment_status":"closed","ping_status":"closed","sticky":false,"template":"","format":"standard","meta":{"om_disable_all_campaigns":false,"_jetpack_memberships_contains_paid_content":false,"footnotes":""},"categories":[101,2],"tags":[7166,1373,645,7160,7161,7164,7165,7163,7162,19],"class_list":["post-144881","post","type-post","status-publish","format-standard","has-post-thumbnail","hentry","category-interes-general-locales","category-locales","tag-comunidad-educativa-2","tag-consejo-escolar","tag-cooperadora","tag-direccion-de-educacion","tag-escuela-especial-n-501","tag-infraestructura-educativa","tag-obras-escolares","tag-pintura-escolar","tag-reacondicionamiento","tag-san-pedro"],"aioseo_notices":[],"gutentor_comment":0,"jetpack_featured_media_url":"https:\/\/eldiariodesanpedro.com.ar\/sitio\/wp-content\/uploads\/2025\/10\/medida-1-47.jpg","jetpack_shortlink":"https:\/\/wp.me\/p6RhLt-BGN","jetpack_sharing_enabled":true,"_links":{"self":[{"href":"https:\/\/eldiariodesanpedro.com.ar\/sitio\/wp-json\/wp\/v2\/posts\/144881","targetHints":{"allow":["GET"]}}],"collection":[{"href":"https:\/\/eldiariodesanpedro.com.ar\/sitio\/wp-json\/wp\/v2\/posts"}],"about":[{"href":"https:\/\/eldiariodesanpedro.com.ar\/sitio\/wp-json\/wp\/v2\/types\/post"}],"author":[{"embeddable":true,"href":"https:\/\/eldiariodesanpedro.com.ar\/sitio\/wp-json\/wp\/v2\/users\/4"}],"replies":[{"embeddable":true,"href":"https:\/\/eldiariodesanpedro.com.ar\/sitio\/wp-json\/wp\/v2\/comments?post=144881"}],"version-history":[{"count":1,"href":"https:\/\/eldiariodesanpedro.com.ar\/sitio\/wp-json\/wp\/v2\/posts\/144881\/revisions"}],"predecessor-version":[{"id":144887,"href":"https:\/\/eldiariodesanpedro.com.ar\/sitio\/wp-json\/wp\/v2\/posts\/144881\/revisions\/144887"}],"wp:featuredmedia":[{"embeddable":true,"href":"https:\/\/eldiariodesanpedro.com.ar\/sitio\/wp-json\/wp\/v2\/media\/144882"}],"wp:attachment":[{"href":"https:\/\/eldiariodesanpedro.com.ar\/sitio\/wp-json\/wp\/v2\/media?parent=144881"}],"wp:term":[{"taxonomy":"category","embeddable":true,"href":"https:\/\/eldiariodesanpedro.com.ar\/sitio\/wp-json\/wp\/v2\/categories?post=144881"},{"taxonomy":"post_tag","embeddable":true,"href":"https:\/\/eldiariodesanpedro.com.ar\/sitio\/wp-json\/wp\/v2\/tags?post=144881"}],"curies":[{"name":"wp","href":"https:\/\/api.w.org\/{rel}","templated":true}]}}