{"id":144871,"date":"2025-10-31T12:31:33","date_gmt":"2025-10-31T15:31:33","guid":{"rendered":"https:\/\/eldiariodesanpedro.com.ar\/sitio\/?p=144871"},"modified":"2025-10-31T12:31:37","modified_gmt":"2025-10-31T15:31:37","slug":"aprehendido-por-encubrimiento-secuestran-zapatillas-nike-air-force-robadas","status":"publish","type":"post","link":"https:\/\/eldiariodesanpedro.com.ar\/sitio\/aprehendido-por-encubrimiento-secuestran-zapatillas-nike-air-force-robadas\/","title":{"rendered":"Aprehendido por encubrimiento: secuestran zapatillas Nike Air Force robadas"},"content":{"rendered":"<!-- VideographyWP Plugin Message: Automatic video embedding prevented by plugin options. -->\n\n<p>Un joven de 26 a\u00f1os fue aprehendido en Miguel Porta al 1600 tras hallarse en su poder un par de zapatillas denunciadas como robadas.<\/p>\n\n\n\n<p>En la jornada de ayer, <strong>personal policial procedi\u00f3 a la aprehensi\u00f3n de un masculino de 26 a\u00f1os<\/strong> en una vivienda ubicada en <strong>calle Miguel Porta al 1600<\/strong> de esta ciudad. Durante el procedimiento, los efectivos <strong>secuestraron una caja con un par de zapatillas marca Nike modelo Air Force<\/strong>, color blanco con detalles rosas, que <strong>hab\u00edan sido denunciadas como sustra\u00eddas<\/strong> por una mujer de 25 a\u00f1os.<\/p>\n\n\n\n<p>La denuncia hab\u00eda sido radicada en el d\u00eda de la fecha, e indicaba el robo de <strong>varios pares de zapatillas<\/strong>. Ante el hallazgo de una de las pertenencias, la <strong>Fiscal\u00eda local intervino en el caso<\/strong> y dispuso la <strong>notificaci\u00f3n de la causa por encubrimiento<\/strong>, quedando el aprehendido <strong>alojado en el sector de calabozos a la espera de su remisi\u00f3n a sede fiscal<\/strong>.<\/p>\n\n\n\n<p>#Policiales #SanPedro #Aprehensi\u00f3n #Encubrimiento #ZapatillasRobadas #Seguridad<\/p>\n\n\n\n<div class=\"wp-block-jetpack-slideshow aligncenter\" data-effect=\"slide\"><div class=\"wp-block-jetpack-slideshow_container swiper-container\"><ul class=\"wp-block-jetpack-slideshow_swiper-wrapper swiper-wrapper\"><li class=\"wp-block-jetpack-slideshow_slide swiper-slide\"><figure><img decoding=\"async\" width=\"284\" height=\"630\" alt=\"\" class=\"wp-block-jetpack-slideshow_image wp-image-144874 lazyload\" data-id=\"144874\" data-src=\"https:\/\/eldiariodesanpedro.com.ar\/sitio\/wp-content\/uploads\/2025\/10\/1-4.jpg\" data-srcset=\"https:\/\/eldiariodesanpedro.com.ar\/sitio\/wp-content\/uploads\/2025\/10\/1-4.jpg 284w, https:\/\/eldiariodesanpedro.com.ar\/sitio\/wp-content\/uploads\/2025\/10\/1-4-135x300.jpg 135w\" data-sizes=\"(max-width: 284px) 100vw, 284px\" src=\"data:image\/svg+xml;base64,PHN2ZyB3aWR0aD0iMSIgaGVpZ2h0PSIxIiB4bWxucz0iaHR0cDovL3d3dy53My5vcmcvMjAwMC9zdmciPjwvc3ZnPg==\" style=\"--smush-placeholder-width: 284px; --smush-placeholder-aspect-ratio: 284\/630;\" \/><\/figure><\/li><li class=\"wp-block-jetpack-slideshow_slide swiper-slide\"><figure><img decoding=\"async\" width=\"352\" height=\"630\" alt=\"\" class=\"wp-block-jetpack-slideshow_image wp-image-144873 lazyload\" data-id=\"144873\" data-src=\"https:\/\/eldiariodesanpedro.com.ar\/sitio\/wp-content\/uploads\/2025\/10\/2-3.jpg\" data-srcset=\"https:\/\/eldiariodesanpedro.com.ar\/sitio\/wp-content\/uploads\/2025\/10\/2-3.jpg 352w, https:\/\/eldiariodesanpedro.com.ar\/sitio\/wp-content\/uploads\/2025\/10\/2-3-168x300.jpg 168w\" data-sizes=\"(max-width: 352px) 100vw, 352px\" src=\"data:image\/svg+xml;base64,PHN2ZyB3aWR0aD0iMSIgaGVpZ2h0PSIxIiB4bWxucz0iaHR0cDovL3d3dy53My5vcmcvMjAwMC9zdmciPjwvc3ZnPg==\" style=\"--smush-placeholder-width: 352px; --smush-placeholder-aspect-ratio: 352\/630;\" \/><\/figure><\/li><\/ul><a class=\"wp-block-jetpack-slideshow_button-prev swiper-button-prev swiper-button-white\" role=\"button\"><\/a><a class=\"wp-block-jetpack-slideshow_button-next swiper-button-next swiper-button-white\" role=\"button\"><\/a><a aria-label=\"Pause Slideshow\" class=\"wp-block-jetpack-slideshow_button-pause\" role=\"button\"><\/a><div class=\"wp-block-jetpack-slideshow_pagination swiper-pagination swiper-pagination-white\"><\/div><\/div><\/div>\n","protected":false},"excerpt":{"rendered":"<p>Un joven de 26 a\u00f1os fue aprehendido en Miguel Porta al 1600 tras hallarse en su poder un par de zapatillas denunciadas como robadas. En la jornada de ayer, personal policial procedi\u00f3 a la aprehensi\u00f3n de un masculino de 26 a\u00f1os en una vivienda ubicada en calle Miguel Porta al 1600 de esta ciudad. Durante [&hellip;]<\/p>\n","protected":false},"author":4,"featured_media":144872,"comment_status":"closed","ping_status":"closed","sticky":false,"template":"","format":"standard","meta":{"om_disable_all_campaigns":false,"_jetpack_memberships_contains_paid_content":false,"footnotes":""},"categories":[2,103],"tags":[7156,7157,5418,5677,6043,7155],"class_list":["post-144871","post","type-post","status-publish","format-standard","has-post-thumbnail","hentry","category-locales","category-policiales-locales","tag-aprehendido-por-encubrimiento","tag-detencion-miguel-porta-san-pedro","tag-fiscalia-local","tag-noticias-policiales","tag-procedimiento-policial-san-pedro","tag-zapatillas-nike-robadas"],"aioseo_notices":[],"gutentor_comment":0,"jetpack_featured_media_url":"https:\/\/eldiariodesanpedro.com.ar\/sitio\/wp-content\/uploads\/2025\/10\/medida-1-45.jpg","jetpack_shortlink":"https:\/\/wp.me\/p6RhLt-BGD","jetpack_sharing_enabled":true,"_links":{"self":[{"href":"https:\/\/eldiariodesanpedro.com.ar\/sitio\/wp-json\/wp\/v2\/posts\/144871","targetHints":{"allow":["GET"]}}],"collection":[{"href":"https:\/\/eldiariodesanpedro.com.ar\/sitio\/wp-json\/wp\/v2\/posts"}],"about":[{"href":"https:\/\/eldiariodesanpedro.com.ar\/sitio\/wp-json\/wp\/v2\/types\/post"}],"author":[{"embeddable":true,"href":"https:\/\/eldiariodesanpedro.com.ar\/sitio\/wp-json\/wp\/v2\/users\/4"}],"replies":[{"embeddable":true,"href":"https:\/\/eldiariodesanpedro.com.ar\/sitio\/wp-json\/wp\/v2\/comments?post=144871"}],"version-history":[{"count":1,"href":"https:\/\/eldiariodesanpedro.com.ar\/sitio\/wp-json\/wp\/v2\/posts\/144871\/revisions"}],"predecessor-version":[{"id":144875,"href":"https:\/\/eldiariodesanpedro.com.ar\/sitio\/wp-json\/wp\/v2\/posts\/144871\/revisions\/144875"}],"wp:featuredmedia":[{"embeddable":true,"href":"https:\/\/eldiariodesanpedro.com.ar\/sitio\/wp-json\/wp\/v2\/media\/144872"}],"wp:attachment":[{"href":"https:\/\/eldiariodesanpedro.com.ar\/sitio\/wp-json\/wp\/v2\/media?parent=144871"}],"wp:term":[{"taxonomy":"category","embeddable":true,"href":"https:\/\/eldiariodesanpedro.com.ar\/sitio\/wp-json\/wp\/v2\/categories?post=144871"},{"taxonomy":"post_tag","embeddable":true,"href":"https:\/\/eldiariodesanpedro.com.ar\/sitio\/wp-json\/wp\/v2\/tags?post=144871"}],"curies":[{"name":"wp","href":"https:\/\/api.w.org\/{rel}","templated":true}]}}