{"id":14483,"date":"2017-02-10T19:36:45","date_gmt":"2017-02-10T22:36:45","guid":{"rendered":"https:\/\/eldiariodesanpedro.com.ar\/sitio\/?p=14483"},"modified":"2026-01-23T23:20:22","modified_gmt":"2026-01-24T02:20:22","slug":"alerta-en-brasil-buscan-a-dos-adolescentes-argentinos-desaparecidos","status":"publish","type":"post","link":"https:\/\/eldiariodesanpedro.com.ar\/sitio\/alerta-en-brasil-buscan-a-dos-adolescentes-argentinos-desaparecidos\/","title":{"rendered":"ALERTA EN BRASIL: Buscan a dos adolescentes argentinos desaparecidos"},"content":{"rendered":"<p><!-- VideographyWP Plugin Message: Automatic video embedding prevented by plugin options. --><br \/>\n(Infobae) &#8211; Josefina del R\u00edo y Lucas Miguel Ferrer Pinto, ambos de 18 a\u00f1os, son buscados  por su familiares desde el 30 de enero, d\u00eda en dejaron de comunicarse con ellos. El consulado argentino en Brasil tambi\u00e9n emiti\u00f3 un alerta para localizar a la pareja.<\/p>\n<p>Josefina y Lucas se fueron de vacaciones los primeros d\u00edas del a\u00f1o con la idea de recorrer parte de Brasil como mochileros. Primero fueron a la ciudad uruguaya de Colonia y m\u00e1s tarde a Balizas, donde pasaron quince d\u00edas. De ah\u00ed tomaron un micro para Brasil donde estuvieron en Porto Alegre y m\u00e1s tarden hicieron dedo hasta llegar a la ciudad de Torres.<\/p>\n<p>Todo iba bien hasta el 30 de enero cuando sus familiares perdieron el contacto telef\u00f3nico con los chicos y notaron que dejaron de subir fotos y mensajes a las redes sociales.<\/p>\n<p>Esto comenz\u00f3 a preocupar y alarmar a sus allegados, quienes comenzaron la desespera b\u00fasqueda de los adolescentes y adem\u00e1s avisaron al Consoludado argentino en ese pa\u00eds para recabar informaci\u00f3n sobre la pareja.<\/p>\n<p>Por su parte, el Consulado de la Rep\u00fablica Argentina en Florian\u00f3polis, que publico en su pagina de Faceboock la b\u00fasqueda de paradero de los j\u00f3venes, diijo que Josefina y Lucasn podr\u00edan estar \u00aben Canasvieiras o en cualquier otro lugar de Santa Catarina\u00bb.<\/p>\n<p>La Interpol tambi\u00e9n se sum\u00f3 a la preocupaci\u00f3n por los chicos y activ\u00f3 la b\u00fasqueda.<\/p>\n<p>Ante cualquier informaci\u00f3n que pueda dar con el paradero de Josefina y Lucas, el Consulado argentino en Florian\u00f3polis brind\u00f3 una serie de tel\u00e9fonos de contacto para colaborar en la b\u00fasqueda (+55 (48) 3024-3035 \/ +55 (48) 98808-4171) y un correo electr\u00f3nico (cflor@mrecic.gov.ar). <\/p>\n","protected":false},"excerpt":{"rendered":"<p>(Infobae) &#8211; Josefina del R\u00edo y Lucas Miguel Ferrer Pinto, ambos de 18 a\u00f1os, son buscados por su familiares desde el 30 de enero, d\u00eda en dejaron de comunicarse con ellos. El consulado argentino en Brasil tambi\u00e9n emiti\u00f3 un alerta para localizar a la pareja. Josefina y Lucas se fueron de vacaciones los primeros d\u00edas [&hellip;]<\/p>\n","protected":false},"author":4,"featured_media":14484,"comment_status":"open","ping_status":"closed","sticky":false,"template":"","format":"standard","meta":{"om_disable_all_campaigns":false,"_jetpack_memberships_contains_paid_content":false,"footnotes":""},"categories":[3],"tags":[],"class_list":["post-14483","post","type-post","status-publish","format-standard","has-post-thumbnail","hentry","category-nacionales"],"aioseo_notices":[],"gutentor_comment":0,"jetpack_featured_media_url":"https:\/\/eldiariodesanpedro.com.ar\/sitio\/wp-content\/uploads\/2017\/02\/buscados.jpg","jetpack_shortlink":"https:\/\/wp.me\/p6RhLt-3LB","jetpack_sharing_enabled":true,"_links":{"self":[{"href":"https:\/\/eldiariodesanpedro.com.ar\/sitio\/wp-json\/wp\/v2\/posts\/14483","targetHints":{"allow":["GET"]}}],"collection":[{"href":"https:\/\/eldiariodesanpedro.com.ar\/sitio\/wp-json\/wp\/v2\/posts"}],"about":[{"href":"https:\/\/eldiariodesanpedro.com.ar\/sitio\/wp-json\/wp\/v2\/types\/post"}],"author":[{"embeddable":true,"href":"https:\/\/eldiariodesanpedro.com.ar\/sitio\/wp-json\/wp\/v2\/users\/4"}],"replies":[{"embeddable":true,"href":"https:\/\/eldiariodesanpedro.com.ar\/sitio\/wp-json\/wp\/v2\/comments?post=14483"}],"version-history":[{"count":1,"href":"https:\/\/eldiariodesanpedro.com.ar\/sitio\/wp-json\/wp\/v2\/posts\/14483\/revisions"}],"predecessor-version":[{"id":14485,"href":"https:\/\/eldiariodesanpedro.com.ar\/sitio\/wp-json\/wp\/v2\/posts\/14483\/revisions\/14485"}],"wp:featuredmedia":[{"embeddable":true,"href":"https:\/\/eldiariodesanpedro.com.ar\/sitio\/wp-json\/wp\/v2\/media\/14484"}],"wp:attachment":[{"href":"https:\/\/eldiariodesanpedro.com.ar\/sitio\/wp-json\/wp\/v2\/media?parent=14483"}],"wp:term":[{"taxonomy":"category","embeddable":true,"href":"https:\/\/eldiariodesanpedro.com.ar\/sitio\/wp-json\/wp\/v2\/categories?post=14483"},{"taxonomy":"post_tag","embeddable":true,"href":"https:\/\/eldiariodesanpedro.com.ar\/sitio\/wp-json\/wp\/v2\/tags?post=14483"}],"curies":[{"name":"wp","href":"https:\/\/api.w.org\/{rel}","templated":true}]}}