{"id":144808,"date":"2025-10-29T12:37:51","date_gmt":"2025-10-29T15:37:51","guid":{"rendered":"https:\/\/eldiariodesanpedro.com.ar\/sitio\/?p=144808"},"modified":"2025-10-29T12:37:55","modified_gmt":"2025-10-29T15:37:55","slug":"detenido-por-homicidio-agravado-y-portacion-ilegal-de-arma-de-guerra","status":"publish","type":"post","link":"https:\/\/eldiariodesanpedro.com.ar\/sitio\/detenido-por-homicidio-agravado-y-portacion-ilegal-de-arma-de-guerra\/","title":{"rendered":"Detenido por homicidio agravado y portaci\u00f3n ilegal de arma de guerra"},"content":{"rendered":"<!-- VideographyWP Plugin Message: Automatic video embedding prevented by plugin options. -->\n\n<p>Un hombre de 32 a\u00f1os fue detenido por orden judicial en una causa por homicidio doblemente agravado y portaci\u00f3n ilegal de arma de guerra.<\/p>\n\n\n\n<p>En una <strong>importante intervenci\u00f3n policial<\/strong>, el <strong>Grupo T\u00e1ctico Operativo (GTO)<\/strong> llev\u00f3 a cabo la <strong>detenci\u00f3n y captura de un hombre de 32 a\u00f1os<\/strong>, quien registraba una <strong>orden judicial vigente<\/strong> por <strong>homicidio doblemente agravado<\/strong> \u2014por el uso de arma de fuego y la participaci\u00f3n de un menor\u2014, en <strong>grado de tentativa<\/strong>, adem\u00e1s de <strong>portaci\u00f3n ilegal de arma de guerra en concurso real<\/strong>.<\/p>\n\n\n\n<p>El procedimiento se realiz\u00f3 <strong>ayer en calle Ansaloni al 1800<\/strong>, donde los efectivos, tras diversas tareas investigativas y averiguaciones en la v\u00eda p\u00fablica, <strong>lograron dar con el pr\u00f3fugo y concretar su aprehensi\u00f3n<\/strong> sin incidentes.<\/p>\n\n\n\n<p>La causa se tramita ante el <strong>Tribunal en lo Criminal N.\u00ba 1 de San Nicol\u00e1s<\/strong>, que dispuso que el detenido <strong>permanezca alojado en la comisar\u00eda local<\/strong> hasta su <strong>remisi\u00f3n a una unidad carcelaria<\/strong>, donde deber\u00e1 <strong>cumplir una condena de entre 8 y 11 a\u00f1os de prisi\u00f3n<\/strong>.<\/p>\n\n\n\n<p>#Policiales #SanPedro #Detenci\u00f3n #HomicidioAgravado #GrupoT\u00e1cticoOperativo #Seguridad #Justicia<\/p>\n\n\n\n<figure class=\"wp-block-image size-full\"><img decoding=\"async\" width=\"504\" height=\"630\" data-attachment-id=\"144810\" data-permalink=\"https:\/\/eldiariodesanpedro.com.ar\/sitio\/detenido-por-homicidio-agravado-y-portacion-ilegal-de-arma-de-guerra\/1-358\/\" data-orig-file=\"https:\/\/eldiariodesanpedro.com.ar\/sitio\/wp-content\/uploads\/2025\/10\/1-3.jpg\" data-orig-size=\"504,630\" data-comments-opened=\"0\" data-image-meta=\"{&quot;aperture&quot;:&quot;0&quot;,&quot;credit&quot;:&quot;&quot;,&quot;camera&quot;:&quot;&quot;,&quot;caption&quot;:&quot;&quot;,&quot;created_timestamp&quot;:&quot;0&quot;,&quot;copyright&quot;:&quot;&quot;,&quot;focal_length&quot;:&quot;0&quot;,&quot;iso&quot;:&quot;0&quot;,&quot;shutter_speed&quot;:&quot;0&quot;,&quot;title&quot;:&quot;&quot;,&quot;orientation&quot;:&quot;0&quot;}\" data-image-title=\"1\" data-image-description=\"\" data-image-caption=\"\" data-large-file=\"https:\/\/eldiariodesanpedro.com.ar\/sitio\/wp-content\/uploads\/2025\/10\/1-3.jpg\" data-src=\"https:\/\/eldiariodesanpedro.com.ar\/sitio\/wp-content\/uploads\/2025\/10\/1-3.jpg\" alt=\"\" class=\"wp-image-144810 lazyload\" data-srcset=\"https:\/\/eldiariodesanpedro.com.ar\/sitio\/wp-content\/uploads\/2025\/10\/1-3.jpg 504w, https:\/\/eldiariodesanpedro.com.ar\/sitio\/wp-content\/uploads\/2025\/10\/1-3-240x300.jpg 240w\" data-sizes=\"(max-width: 504px) 100vw, 504px\" src=\"data:image\/svg+xml;base64,PHN2ZyB3aWR0aD0iMSIgaGVpZ2h0PSIxIiB4bWxucz0iaHR0cDovL3d3dy53My5vcmcvMjAwMC9zdmciPjwvc3ZnPg==\" style=\"--smush-placeholder-width: 504px; --smush-placeholder-aspect-ratio: 504\/630;\" \/><\/figure>\n\n\n\n<p><br><\/p>\n","protected":false},"excerpt":{"rendered":"<p>Un hombre de 32 a\u00f1os fue detenido por orden judicial en una causa por homicidio doblemente agravado y portaci\u00f3n ilegal de arma de guerra. En una importante intervenci\u00f3n policial, el Grupo T\u00e1ctico Operativo (GTO) llev\u00f3 a cabo la detenci\u00f3n y captura de un hombre de 32 a\u00f1os, quien registraba una orden judicial vigente por homicidio [&hellip;]<\/p>\n","protected":false},"author":4,"featured_media":144809,"comment_status":"closed","ping_status":"closed","sticky":false,"template":"","format":"standard","meta":{"om_disable_all_campaigns":false,"_jetpack_memberships_contains_paid_content":false,"footnotes":""},"categories":[50,2,103],"tags":[7125,6903,5413,7124,1924,5839,7126],"class_list":["post-144808","post","type-post","status-publish","format-standard","has-post-thumbnail","hentry","category-destacadas","category-locales","category-policiales-locales","tag-captura-con-orden-judicial","tag-detencion-judicial","tag-gto-san-pedro","tag-homicidio-agravado","tag-policia-bonaerense","tag-portacion-ilegal-de-arma","tag-tribunal-en-lo-criminal-san-nicolas"],"aioseo_notices":[],"gutentor_comment":0,"jetpack_featured_media_url":"https:\/\/eldiariodesanpedro.com.ar\/sitio\/wp-content\/uploads\/2025\/10\/medida-1-42.jpg","jetpack_shortlink":"https:\/\/wp.me\/p6RhLt-BFC","jetpack_sharing_enabled":true,"_links":{"self":[{"href":"https:\/\/eldiariodesanpedro.com.ar\/sitio\/wp-json\/wp\/v2\/posts\/144808","targetHints":{"allow":["GET"]}}],"collection":[{"href":"https:\/\/eldiariodesanpedro.com.ar\/sitio\/wp-json\/wp\/v2\/posts"}],"about":[{"href":"https:\/\/eldiariodesanpedro.com.ar\/sitio\/wp-json\/wp\/v2\/types\/post"}],"author":[{"embeddable":true,"href":"https:\/\/eldiariodesanpedro.com.ar\/sitio\/wp-json\/wp\/v2\/users\/4"}],"replies":[{"embeddable":true,"href":"https:\/\/eldiariodesanpedro.com.ar\/sitio\/wp-json\/wp\/v2\/comments?post=144808"}],"version-history":[{"count":1,"href":"https:\/\/eldiariodesanpedro.com.ar\/sitio\/wp-json\/wp\/v2\/posts\/144808\/revisions"}],"predecessor-version":[{"id":144811,"href":"https:\/\/eldiariodesanpedro.com.ar\/sitio\/wp-json\/wp\/v2\/posts\/144808\/revisions\/144811"}],"wp:featuredmedia":[{"embeddable":true,"href":"https:\/\/eldiariodesanpedro.com.ar\/sitio\/wp-json\/wp\/v2\/media\/144809"}],"wp:attachment":[{"href":"https:\/\/eldiariodesanpedro.com.ar\/sitio\/wp-json\/wp\/v2\/media?parent=144808"}],"wp:term":[{"taxonomy":"category","embeddable":true,"href":"https:\/\/eldiariodesanpedro.com.ar\/sitio\/wp-json\/wp\/v2\/categories?post=144808"},{"taxonomy":"post_tag","embeddable":true,"href":"https:\/\/eldiariodesanpedro.com.ar\/sitio\/wp-json\/wp\/v2\/tags?post=144808"}],"curies":[{"name":"wp","href":"https:\/\/api.w.org\/{rel}","templated":true}]}}