{"id":14480,"date":"2017-02-10T19:34:44","date_gmt":"2017-02-10T22:34:44","guid":{"rendered":"https:\/\/eldiariodesanpedro.com.ar\/sitio\/?p=14480"},"modified":"2026-01-23T23:20:22","modified_gmt":"2026-01-24T02:20:22","slug":"un-avion-de-aerolineas-sufrio-una-falla-antes-de-despegar","status":"publish","type":"post","link":"https:\/\/eldiariodesanpedro.com.ar\/sitio\/un-avion-de-aerolineas-sufrio-una-falla-antes-de-despegar\/","title":{"rendered":"Un avi\u00f3n de Aerol\u00edneas sufri\u00f3 una falla antes de despegar"},"content":{"rendered":"<p><!-- VideographyWP Plugin Message: Automatic video embedding prevented by plugin options. --><br \/>\n(NA) &#8211; Los pasajeros de un avi\u00f3n de la empresa Aerol\u00edneas Argentinas que deb\u00eda volar desde Nueva York hacia Buenos Aires vivieron momentos de tensi\u00f3n cuando un motor de la aeronave sufri\u00f3 una falla antes de despegar y sintieron una explosi\u00f3n.<\/p>\n<p>   El incidente, que no report\u00f3 heridos, ocurri\u00f3 la noche de este jueves y tuvo como protagonista al vuelo 1301 de Aerol\u00edneas Argentinas que se encontraba en la pista del aeropuerto John Fitzgerald Kennedy de la ciudad de Nueva York.<\/p>\n<p>   Seg\u00fan contaron algunos testigos, uno de sus motores se prendi\u00f3 fuego, y antes se escuch\u00f3 una fuerte explosi\u00f3n. <\/p>\n<p>   Trascendi\u00f3 que ante la dram\u00e1tica situaci\u00f3n, la pista fue cerrada inmediatamente y varios veh\u00edculos de emergencia llegaron al lugar del incidente. <\/p>\n<p>   El cantante Axel, que hab\u00eda viajado a Nueva York para trabajar en su nuevo material, fue uno de los pasajeros del avi\u00f3n siniestrado y advirti\u00f3 que la situaci\u00f3n podr\u00eda haber sido mucho m\u00e1s grave.<\/p>\n<p>   \u00abSi la explosi\u00f3n hubiera pasado tres minutos despu\u00e9s, quiz\u00e1 no est\u00e1bamos hablando\u00bb, destac\u00f3 Axel en declaraciones al canal de noticias TN.<\/p>\n<p>   El cantante, que grab\u00f3 el incidente con su celular dado que filmaba las primeras maniobras de partida, reconoci\u00f3 que lo que vivi\u00f3 fue \u00abun susto importante\u00bb.<\/p>\n<p>   Adem\u00e1s, el tambi\u00e9n compositor afirm\u00f3 que estaba ubicado \u00abcerca del ala derecha\u00bb, donde se produjo el estallido. <\/p>\n<p>   \u00abCuando me puse a ver not\u00e9 que hab\u00eda fuego\u00bb, relat\u00f3 el reconocido artista que destac\u00f3 que los bomberos llegaron inmediatamente al lugar. <\/p>\n<p>   \u00abApenas pude entrar en las redes sociales vi el impacto que hab\u00eda tenido el incidente. Enseguida me empezaron a escribir familiares y amigos para saber c\u00f3mo estaba\u00bb, dijo el cantante, que subi\u00f3 en sus cuentas de las redes sociales el video que grab\u00f3. <\/p>\n<p>La explicaci\u00f3n de Aerol\u00edneas Argentinas<\/p>\n<p> En tanto, en un comunicado de prensa, la empresa explic\u00f3 que \u00abel vuelo AR1301 que se encontraba realizando maniobras de despegue en el aeropuerto JFK de Nueva York, sufri\u00f3 un \u00abstall\u00bb en el motor 2 de la aeronave (un A330-200)\u00bb.<\/p>\n<p>   Seg\u00fan la empresa, \u00abesta situaci\u00f3n se puede generar cuando el flujo de ingreso de aire al motor sufre una alteraci\u00f3n y como consecuencia de ello se produce un ruido semejante a una explosi\u00f3n\u00bb.<\/p>\n<p>   Y se agreg\u00f3:\u00bbel hecho se circunscribi\u00f3 a dicho motor y no fue necesaria la intervenci\u00f3n por parte de autoridades del aeropuerto. Asimismo es importante aclarar que no hubo incendio alguno\u00bb.<\/p>\n<p>   Debido al incidente que sufri\u00f3 el avi\u00f3n, el despegue se abort\u00f3 y la aeronave regres\u00f3 a su plataforma, donde los pasajeros y la tripulaci\u00f3n descendieron sin ning\u00fan inconveniente. <\/p>\n<p>   No bien ocurri\u00f3 el incidente, la empresa inform\u00f3 que todos los pasajeros se encontraban \u00aben perfecto estado y la compa\u00f1\u00eda est\u00e1 trabajando para reubicarlos en otros vuelos de la manera m\u00e1s r\u00e1pida posible\u00bb.<\/p>\n<p>   Felicitas Castrill\u00f3n, directora de Comunicaci\u00f3n de Aerol\u00edneas Argentinas, se\u00f1al\u00f3 que el avi\u00f3n \u00abhab\u00eda cumplimentado todo los pasos, el mantenimiento habitual\u00bb y que \u00abes una falla poco frecuente, pero suele suceder\u00bb.<\/p>\n<p>   \u00abSe investigan las razones. Fue una falla del motor, presencia de fuego en el motor. La aeronave no est\u00e1 da\u00f1ada\u00bb, agreg\u00f3 Castrill\u00f3n en di\u00e1logo con el canal de noticias TN.<\/p>\n","protected":false},"excerpt":{"rendered":"<p>(NA) &#8211; Los pasajeros de un avi\u00f3n de la empresa Aerol\u00edneas Argentinas que deb\u00eda volar desde Nueva York hacia Buenos Aires vivieron momentos de tensi\u00f3n cuando un motor de la aeronave sufri\u00f3 una falla antes de despegar y sintieron una explosi\u00f3n. El incidente, que no report\u00f3 heridos, ocurri\u00f3 la noche de este jueves y tuvo [&hellip;]<\/p>\n","protected":false},"author":4,"featured_media":14481,"comment_status":"open","ping_status":"closed","sticky":false,"template":"","format":"standard","meta":{"om_disable_all_campaigns":false,"_jetpack_memberships_contains_paid_content":false,"footnotes":""},"categories":[3],"tags":[],"class_list":["post-14480","post","type-post","status-publish","format-standard","has-post-thumbnail","hentry","category-nacionales"],"aioseo_notices":[],"gutentor_comment":0,"jetpack_featured_media_url":"https:\/\/eldiariodesanpedro.com.ar\/sitio\/wp-content\/uploads\/2017\/02\/avion.jpg","jetpack_shortlink":"https:\/\/wp.me\/p6RhLt-3Ly","jetpack_sharing_enabled":true,"_links":{"self":[{"href":"https:\/\/eldiariodesanpedro.com.ar\/sitio\/wp-json\/wp\/v2\/posts\/14480","targetHints":{"allow":["GET"]}}],"collection":[{"href":"https:\/\/eldiariodesanpedro.com.ar\/sitio\/wp-json\/wp\/v2\/posts"}],"about":[{"href":"https:\/\/eldiariodesanpedro.com.ar\/sitio\/wp-json\/wp\/v2\/types\/post"}],"author":[{"embeddable":true,"href":"https:\/\/eldiariodesanpedro.com.ar\/sitio\/wp-json\/wp\/v2\/users\/4"}],"replies":[{"embeddable":true,"href":"https:\/\/eldiariodesanpedro.com.ar\/sitio\/wp-json\/wp\/v2\/comments?post=14480"}],"version-history":[{"count":1,"href":"https:\/\/eldiariodesanpedro.com.ar\/sitio\/wp-json\/wp\/v2\/posts\/14480\/revisions"}],"predecessor-version":[{"id":14482,"href":"https:\/\/eldiariodesanpedro.com.ar\/sitio\/wp-json\/wp\/v2\/posts\/14480\/revisions\/14482"}],"wp:featuredmedia":[{"embeddable":true,"href":"https:\/\/eldiariodesanpedro.com.ar\/sitio\/wp-json\/wp\/v2\/media\/14481"}],"wp:attachment":[{"href":"https:\/\/eldiariodesanpedro.com.ar\/sitio\/wp-json\/wp\/v2\/media?parent=14480"}],"wp:term":[{"taxonomy":"category","embeddable":true,"href":"https:\/\/eldiariodesanpedro.com.ar\/sitio\/wp-json\/wp\/v2\/categories?post=14480"},{"taxonomy":"post_tag","embeddable":true,"href":"https:\/\/eldiariodesanpedro.com.ar\/sitio\/wp-json\/wp\/v2\/tags?post=14480"}],"curies":[{"name":"wp","href":"https:\/\/api.w.org\/{rel}","templated":true}]}}