{"id":144727,"date":"2025-10-23T15:45:56","date_gmt":"2025-10-23T18:45:56","guid":{"rendered":"https:\/\/eldiariodesanpedro.com.ar\/sitio\/?p=144727"},"modified":"2025-10-23T15:46:06","modified_gmt":"2025-10-23T18:46:06","slug":"el-supermercado-vea-cerrara-su-sucursal-en-san-pedro-y-30-trabajadores-perderan-su-empleo","status":"publish","type":"post","link":"https:\/\/eldiariodesanpedro.com.ar\/sitio\/el-supermercado-vea-cerrara-su-sucursal-en-san-pedro-y-30-trabajadores-perderan-su-empleo\/","title":{"rendered":"El supermercado Vea cerrar\u00e1 su sucursal en San Pedro y 30 trabajadores perder\u00e1n su empleo"},"content":{"rendered":"<!-- VideographyWP Plugin Message: Automatic video embedding prevented by plugin options. -->\n\n<p>El cierre del supermercado Vea fue confirmado oficialmente. La medida afectar\u00e1 a 30 empleados y se enmarca en una reestructuraci\u00f3n nacional del grupo Cencosud.<\/p>\n\n\n\n<p>Las <strong>versiones que desde hace meses circulaban en San Pedro se confirmaron oficialmente<\/strong>: la <strong>sucursal local del supermercado Vea<\/strong>, perteneciente al grupo chileno <strong>Cencosud<\/strong>, <strong>cerrar\u00e1 sus puertas de manera definitiva<\/strong>, dejando a <strong>30 trabajadores sin empleo<\/strong>.<\/p>\n\n\n\n<p>El <strong>Sindicato de Empleados de Comercio<\/strong> denunci\u00f3 que la medida responde a una <strong>\u201cdecisi\u00f3n empresarial mayor\u201d de reestructuraci\u00f3n del grupo<\/strong>, pese a las gestiones realizadas por el gremio y el Municipio para <strong>evitar el impacto laboral<\/strong>.<br>El <strong>Secretario General Marcelo Mosteiro<\/strong> confirm\u00f3 la noticia en declaraciones al programa <em>Equipo de Radio<\/em>, se\u00f1alando que el cierre forma parte de una <strong>pol\u00edtica de reconversi\u00f3n<\/strong> que ya provoc\u00f3 el cierre de <strong>unos 20 locales<\/strong> de las marcas <strong>Vea, Easy y Blaisten<\/strong> en distintas provincias del pa\u00eds.<\/p>\n\n\n\n<blockquote class=\"wp-block-quote is-layout-flow wp-block-quote-is-layout-flow\">\n<p>\u201cNos informaron que la semana que viene cierra la sucursal, aunque prometieron que los trabajadores cobrar\u00e1n lo que corresponde por despido sin justa causa\u201d, indic\u00f3 Mosteiro.<br>La <strong>dotaci\u00f3n afectada<\/strong> incluye a <strong>22 empleados bajo convenio de comercio y 8 de seguridad y limpieza<\/strong>.<\/p>\n<\/blockquote>\n\n\n\n<h3 class=\"wp-block-heading\">D\u00e9ficit y reestructuraci\u00f3n: las razones empresariales<\/h3>\n\n\n\n<p>Seg\u00fan Mosteiro, la empresa argument\u00f3 que la medida responde a un <strong>d\u00e9ficit sostenido en los balances<\/strong> y a un <strong>elevado costo de alquiler<\/strong>.<\/p>\n\n\n\n<blockquote class=\"wp-block-quote is-layout-flow wp-block-quote-is-layout-flow\">\n<p>\u201cEl alquiler es de <strong>34 millones de pesos por mes<\/strong>, con un aumento que parte de los actuales 18 millones. Es un monto muy alto con el margen de ganancias actual\u201d, detall\u00f3.<\/p>\n<\/blockquote>\n\n\n\n<p>El gremialista lament\u00f3 que la decisi\u00f3n <strong>ignore el repunte estacional de ventas<\/strong> que suele registrarse durante la temporada tur\u00edstica: \u201cSabemos que es el momento en que el supermercado empieza a vender m\u00e1s porque los visitantes eligen la marca\u201d.<\/p>\n\n\n\n<h3 class=\"wp-block-heading\">Impacto social y ca\u00edda del consumo<\/h3>\n\n\n\n<p>Mosteiro advirti\u00f3 que el cierre implica <strong>una p\u00e9rdida laboral y social significativa<\/strong> para San Pedro. Adem\u00e1s, se\u00f1al\u00f3 que la situaci\u00f3n refleja el <strong>contexto de recesi\u00f3n y ca\u00edda del consumo<\/strong> que atraviesa el pa\u00eds.<\/p>\n\n\n\n<blockquote class=\"wp-block-quote is-layout-flow wp-block-quote-is-layout-flow\">\n<p>\u201cAntes llenabas el chango; ahora la gente compra solo lo necesario. El ajuste lo hacen los laburantes y los jubilados\u201d, expres\u00f3.<\/p>\n<\/blockquote>\n\n\n\n<h3 class=\"wp-block-heading\">Asistencia gremial y gestiones municipales<\/h3>\n\n\n\n<p>El <strong>Sindicato de Empleados de Comercio<\/strong>, junto con el <strong>Municipio de San Pedro<\/strong>, realiz\u00f3 gestiones para intentar revertir la decisi\u00f3n o <strong>obtener una pr\u00f3rroga<\/strong>, pero la determinaci\u00f3n fue <strong>definitiva<\/strong>.<br>Actualmente, el gremio trabaja para garantizar que los empleados reciban la <strong>indemnizaci\u00f3n completa<\/strong> correspondiente a un <strong>despido sin justa causa<\/strong>, evitando que Cencosud invoque <strong>cl\u00e1usulas de crisis<\/strong>.<\/p>\n\n\n\n<p>Adem\u00e1s, se brinda <strong>asistencia para tramitar el seguro de desempleo<\/strong> (de aproximadamente <strong>$300.000 mensuales<\/strong>) y se garantiza la <strong>continuidad de la obra social OSECAC<\/strong>.<br>Tanto el sindicato como el municipio <strong>buscan alternativas laborales<\/strong> para los despedidos en otras cadenas o comercios locales, aunque Mosteiro reconoci\u00f3 que <strong>\u201ces un momento dif\u00edcil, con mucha demanda y pocas fuentes de trabajo\u201d<\/strong>.<\/p>\n\n\n\n<p>#SanPedro #CierreVea #Cencosud #Desempleo #EmpleadosDeComercio #CrisisEcon\u00f3mica #Consumo #Reestructuraci\u00f3nEmpresarial #MunicipioSanPedro #MarceloMosteiro<\/p>\n","protected":false},"excerpt":{"rendered":"<p>El cierre del supermercado Vea fue confirmado oficialmente. La medida afectar\u00e1 a 30 empleados y se enmarca en una reestructuraci\u00f3n nacional del grupo Cencosud. Las versiones que desde hace meses circulaban en San Pedro se confirmaron oficialmente: la sucursal local del supermercado Vea, perteneciente al grupo chileno Cencosud, cerrar\u00e1 sus puertas de manera definitiva, dejando [&hellip;]<\/p>\n","protected":false},"author":4,"featured_media":144728,"comment_status":"closed","ping_status":"closed","sticky":false,"template":"","format":"standard","meta":{"om_disable_all_campaigns":false,"_jetpack_memberships_contains_paid_content":false,"footnotes":""},"categories":[50,101,2],"tags":[7058,7059,7061,3769,1181,7057,7062,1756,7060,7056],"class_list":["post-144727","post","type-post","status-publish","format-standard","has-post-thumbnail","hentry","category-destacadas","category-interes-general-locales","category-locales","tag-cencosud","tag-cierre-san-pedro","tag-consumo","tag-crisis-economica","tag-despidos","tag-empleados-de-comercio","tag-gremio","tag-indemnizacion","tag-reestructuracion-empresarial","tag-supermercado-vea"],"aioseo_notices":[],"gutentor_comment":0,"jetpack_featured_media_url":"https:\/\/eldiariodesanpedro.com.ar\/sitio\/wp-content\/uploads\/2025\/10\/Supermercado-Vea-1.jpg","jetpack_shortlink":"https:\/\/wp.me\/p6RhLt-BEj","jetpack_sharing_enabled":true,"_links":{"self":[{"href":"https:\/\/eldiariodesanpedro.com.ar\/sitio\/wp-json\/wp\/v2\/posts\/144727","targetHints":{"allow":["GET"]}}],"collection":[{"href":"https:\/\/eldiariodesanpedro.com.ar\/sitio\/wp-json\/wp\/v2\/posts"}],"about":[{"href":"https:\/\/eldiariodesanpedro.com.ar\/sitio\/wp-json\/wp\/v2\/types\/post"}],"author":[{"embeddable":true,"href":"https:\/\/eldiariodesanpedro.com.ar\/sitio\/wp-json\/wp\/v2\/users\/4"}],"replies":[{"embeddable":true,"href":"https:\/\/eldiariodesanpedro.com.ar\/sitio\/wp-json\/wp\/v2\/comments?post=144727"}],"version-history":[{"count":1,"href":"https:\/\/eldiariodesanpedro.com.ar\/sitio\/wp-json\/wp\/v2\/posts\/144727\/revisions"}],"predecessor-version":[{"id":144729,"href":"https:\/\/eldiariodesanpedro.com.ar\/sitio\/wp-json\/wp\/v2\/posts\/144727\/revisions\/144729"}],"wp:featuredmedia":[{"embeddable":true,"href":"https:\/\/eldiariodesanpedro.com.ar\/sitio\/wp-json\/wp\/v2\/media\/144728"}],"wp:attachment":[{"href":"https:\/\/eldiariodesanpedro.com.ar\/sitio\/wp-json\/wp\/v2\/media?parent=144727"}],"wp:term":[{"taxonomy":"category","embeddable":true,"href":"https:\/\/eldiariodesanpedro.com.ar\/sitio\/wp-json\/wp\/v2\/categories?post=144727"},{"taxonomy":"post_tag","embeddable":true,"href":"https:\/\/eldiariodesanpedro.com.ar\/sitio\/wp-json\/wp\/v2\/tags?post=144727"}],"curies":[{"name":"wp","href":"https:\/\/api.w.org\/{rel}","templated":true}]}}