{"id":14472,"date":"2017-02-10T09:35:17","date_gmt":"2017-02-10T12:35:17","guid":{"rendered":"https:\/\/eldiariodesanpedro.com.ar\/sitio\/?p=14472"},"modified":"2017-02-10T09:35:17","modified_gmt":"2017-02-10T12:35:17","slug":"aprehenden-a-un-joven-que-trataba-de-robar-en-un-galpon","status":"publish","type":"post","link":"https:\/\/eldiariodesanpedro.com.ar\/sitio\/aprehenden-a-un-joven-que-trataba-de-robar-en-un-galpon\/","title":{"rendered":"Aprehenden a un joven que trataba de robar en un galp\u00f3n"},"content":{"rendered":"<p><!-- VideographyWP Plugin Message: Automatic video embedding prevented by plugin options. --><br \/>\nEn la madrugada de este viernes personal uniformado procedi\u00f3 a la aprehensi\u00f3n de un ciudadano de 30 a\u00f1os de edad,  quien se encontraba intentando violentar un candado con el fin de abrir las puertas de un galp\u00f3n ubicado en calle A. de Ant\u00f3n e Irlanda con motivo de cometer un il\u00edcito. <\/p>\n<p>Se le secuestraron en su poder un destornillador con el que intentaba violentar el candado. <\/p>\n","protected":false},"excerpt":{"rendered":"<p>En la madrugada de este viernes personal uniformado procedi\u00f3 a la aprehensi\u00f3n de un ciudadano de 30 a\u00f1os de edad, quien se encontraba intentando violentar un candado con el fin de abrir las puertas de un galp\u00f3n ubicado en calle A. de Ant\u00f3n e Irlanda con motivo de cometer un il\u00edcito. Se le secuestraron en [&hellip;]<\/p>\n","protected":false},"author":4,"featured_media":10725,"comment_status":"open","ping_status":"closed","sticky":false,"template":"","format":"standard","meta":{"om_disable_all_campaigns":false,"_jetpack_memberships_contains_paid_content":false,"footnotes":""},"categories":[2,103],"tags":[],"class_list":["post-14472","post","type-post","status-publish","format-standard","has-post-thumbnail","hentry","category-locales","category-policiales-locales"],"aioseo_notices":[],"gutentor_comment":0,"jetpack_featured_media_url":"https:\/\/eldiariodesanpedro.com.ar\/sitio\/wp-content\/uploads\/2016\/11\/Polic\u00eda-detiene-noche.jpg","jetpack_shortlink":"https:\/\/wp.me\/p6RhLt-3Lq","jetpack_sharing_enabled":true,"_links":{"self":[{"href":"https:\/\/eldiariodesanpedro.com.ar\/sitio\/wp-json\/wp\/v2\/posts\/14472","targetHints":{"allow":["GET"]}}],"collection":[{"href":"https:\/\/eldiariodesanpedro.com.ar\/sitio\/wp-json\/wp\/v2\/posts"}],"about":[{"href":"https:\/\/eldiariodesanpedro.com.ar\/sitio\/wp-json\/wp\/v2\/types\/post"}],"author":[{"embeddable":true,"href":"https:\/\/eldiariodesanpedro.com.ar\/sitio\/wp-json\/wp\/v2\/users\/4"}],"replies":[{"embeddable":true,"href":"https:\/\/eldiariodesanpedro.com.ar\/sitio\/wp-json\/wp\/v2\/comments?post=14472"}],"version-history":[{"count":1,"href":"https:\/\/eldiariodesanpedro.com.ar\/sitio\/wp-json\/wp\/v2\/posts\/14472\/revisions"}],"predecessor-version":[{"id":14473,"href":"https:\/\/eldiariodesanpedro.com.ar\/sitio\/wp-json\/wp\/v2\/posts\/14472\/revisions\/14473"}],"wp:featuredmedia":[{"embeddable":true,"href":"https:\/\/eldiariodesanpedro.com.ar\/sitio\/wp-json\/wp\/v2\/media\/10725"}],"wp:attachment":[{"href":"https:\/\/eldiariodesanpedro.com.ar\/sitio\/wp-json\/wp\/v2\/media?parent=14472"}],"wp:term":[{"taxonomy":"category","embeddable":true,"href":"https:\/\/eldiariodesanpedro.com.ar\/sitio\/wp-json\/wp\/v2\/categories?post=14472"},{"taxonomy":"post_tag","embeddable":true,"href":"https:\/\/eldiariodesanpedro.com.ar\/sitio\/wp-json\/wp\/v2\/tags?post=14472"}],"curies":[{"name":"wp","href":"https:\/\/api.w.org\/{rel}","templated":true}]}}