{"id":144707,"date":"2025-10-23T15:00:43","date_gmt":"2025-10-23T18:00:43","guid":{"rendered":"https:\/\/eldiariodesanpedro.com.ar\/sitio\/?p=144707"},"modified":"2025-10-23T15:00:48","modified_gmt":"2025-10-23T18:00:48","slug":"preocupacion-por-el-cierre-de-la-sucursal-local-de-vea","status":"publish","type":"post","link":"https:\/\/eldiariodesanpedro.com.ar\/sitio\/preocupacion-por-el-cierre-de-la-sucursal-local-de-vea\/","title":{"rendered":"Preocupaci\u00f3n por el cierre de la sucursal local de Vea"},"content":{"rendered":"<!-- VideographyWP Plugin Message: Automatic video embedding prevented by plugin options. -->\n\n<p>El Centro de Comercio expres\u00f3 su profunda preocupaci\u00f3n por el cierre de la sucursal de Vea en San Pedro, destacando su impacto econ\u00f3mico y social.<\/p>\n\n\n\n<p>El <strong>Centro de Comercio, Industria y Turismo de San Pedro<\/strong> manifest\u00f3 su <strong>profunda preocupaci\u00f3n<\/strong> tras confirmarse el <strong>cierre de la sucursal local del supermercado Vea<\/strong>, una empresa que durante a\u00f1os form\u00f3 parte del entramado comercial sampedrino, <strong>generando empleo y movimiento econ\u00f3mico<\/strong> para numerosas familias.<\/p>\n\n\n\n<p>La <strong>decisi\u00f3n se da en un contexto de fuerte crisis econ\u00f3mica<\/strong> que atraviesa el pa\u00eds y que <strong>afecta con mayor dureza a las ciudades del interior<\/strong>, donde cada cierre implica una <strong>p\u00e9rdida significativa de puestos de trabajo<\/strong>, consumo y oportunidades de desarrollo local.<\/p>\n\n\n\n<p>Desde la entidad lamentaron las <strong>consecuencias sociales y laborales<\/strong> que este cierre provoca, afectando no solo a los empleados directos, sino tambi\u00e9n a los <strong>comercios, proveedores y sectores vinculados<\/strong> que dependen indirectamente de la actividad del supermercado.<\/p>\n\n\n\n<p>El Centro reafirm\u00f3 su <strong>compromiso de acompa\u00f1ar al sector productivo y comercial de San Pedro<\/strong>, impulsando el di\u00e1logo, la b\u00fasqueda de alternativas y las condiciones necesarias para <strong>sostener y recuperar el empleo<\/strong>. Asimismo, solicitaron que se <strong>respeten los derechos laborales<\/strong> de todos los trabajadores afectados y que se promuevan, con articulaci\u00f3n entre el sector p\u00fablico y privado, <strong>nuevas oportunidades de inserci\u00f3n laboral<\/strong>.<\/p>\n\n\n\n<p>#SanPedro #CentroDeComercio #SupermercadoVea #CierreComercial #CrisisEcon\u00f3mica #EmpleoLocal #Econom\u00edaRegional<\/p>\n","protected":false},"excerpt":{"rendered":"<p>El Centro de Comercio expres\u00f3 su profunda preocupaci\u00f3n por el cierre de la sucursal de Vea en San Pedro, destacando su impacto econ\u00f3mico y social. El Centro de Comercio, Industria y Turismo de San Pedro manifest\u00f3 su profunda preocupaci\u00f3n tras confirmarse el cierre de la sucursal local del supermercado Vea, una empresa que durante a\u00f1os [&hellip;]<\/p>\n","protected":false},"author":4,"featured_media":144708,"comment_status":"closed","ping_status":"closed","sticky":false,"template":"","format":"standard","meta":{"om_disable_all_campaigns":false,"_jetpack_memberships_contains_paid_content":false,"footnotes":""},"categories":[101,2],"tags":[5535,7044,7046,3769,7047,7045],"class_list":["post-144707","post","type-post","status-publish","format-standard","has-post-thumbnail","hentry","category-interes-general-locales","category-locales","tag-centro-de-comercio-san-pedro","tag-cierre-supermercado-vea-san-pedro","tag-comercios-sampedrinos","tag-crisis-economica","tag-derechos-laborales-2","tag-empleo-local"],"aioseo_notices":[],"gutentor_comment":0,"jetpack_featured_media_url":"https:\/\/eldiariodesanpedro.com.ar\/sitio\/wp-content\/uploads\/2025\/10\/medida-1-35.jpg","jetpack_shortlink":"https:\/\/wp.me\/p6RhLt-BDZ","jetpack_sharing_enabled":true,"_links":{"self":[{"href":"https:\/\/eldiariodesanpedro.com.ar\/sitio\/wp-json\/wp\/v2\/posts\/144707","targetHints":{"allow":["GET"]}}],"collection":[{"href":"https:\/\/eldiariodesanpedro.com.ar\/sitio\/wp-json\/wp\/v2\/posts"}],"about":[{"href":"https:\/\/eldiariodesanpedro.com.ar\/sitio\/wp-json\/wp\/v2\/types\/post"}],"author":[{"embeddable":true,"href":"https:\/\/eldiariodesanpedro.com.ar\/sitio\/wp-json\/wp\/v2\/users\/4"}],"replies":[{"embeddable":true,"href":"https:\/\/eldiariodesanpedro.com.ar\/sitio\/wp-json\/wp\/v2\/comments?post=144707"}],"version-history":[{"count":1,"href":"https:\/\/eldiariodesanpedro.com.ar\/sitio\/wp-json\/wp\/v2\/posts\/144707\/revisions"}],"predecessor-version":[{"id":144709,"href":"https:\/\/eldiariodesanpedro.com.ar\/sitio\/wp-json\/wp\/v2\/posts\/144707\/revisions\/144709"}],"wp:featuredmedia":[{"embeddable":true,"href":"https:\/\/eldiariodesanpedro.com.ar\/sitio\/wp-json\/wp\/v2\/media\/144708"}],"wp:attachment":[{"href":"https:\/\/eldiariodesanpedro.com.ar\/sitio\/wp-json\/wp\/v2\/media?parent=144707"}],"wp:term":[{"taxonomy":"category","embeddable":true,"href":"https:\/\/eldiariodesanpedro.com.ar\/sitio\/wp-json\/wp\/v2\/categories?post=144707"},{"taxonomy":"post_tag","embeddable":true,"href":"https:\/\/eldiariodesanpedro.com.ar\/sitio\/wp-json\/wp\/v2\/tags?post=144707"}],"curies":[{"name":"wp","href":"https:\/\/api.w.org\/{rel}","templated":true}]}}