{"id":144690,"date":"2025-10-23T11:22:05","date_gmt":"2025-10-23T14:22:05","guid":{"rendered":"https:\/\/eldiariodesanpedro.com.ar\/sitio\/?p=144690"},"modified":"2025-10-23T11:22:09","modified_gmt":"2025-10-23T14:22:09","slug":"aprehendido-un-hombre-de-37-anos-por-amenazar-a-otro-en-la-via-publica","status":"publish","type":"post","link":"https:\/\/eldiariodesanpedro.com.ar\/sitio\/aprehendido-un-hombre-de-37-anos-por-amenazar-a-otro-en-la-via-publica\/","title":{"rendered":"Aprehendido un hombre de 37 a\u00f1os por amenazar a otro en la v\u00eda p\u00fablica"},"content":{"rendered":"<!-- VideographyWP Plugin Message: Automatic video embedding prevented by plugin options. -->\n\n<p>Un conflicto vecinal termin\u00f3 con la aprehensi\u00f3n de un hombre de 37 a\u00f1os que amenaz\u00f3 de muerte a otro en plena v\u00eda p\u00fablica.<\/p>\n\n\n\n<p>En la jornada de ayer, <strong>personal policial que patrullaba la zona de G\u00fcemes y Sargento Selada<\/strong> intervino ante una <strong>pelea entre dos hombres<\/strong>. Al llegar al lugar, los efectivos <strong>procedieron a la aprehensi\u00f3n de un masculino de 37 a\u00f1os<\/strong>, quien <strong>no ces\u00f3 su actitud hostil<\/strong>, profiriendo <strong>amenazas de muerte<\/strong> contra el otro involucrado, un hombre de 42 a\u00f1os.<\/p>\n\n\n\n<p>Seg\u00fan informaron las autoridades, <strong>el hecho se origin\u00f3 por un conflicto de \u00edndole vecinal<\/strong>, lo que deriv\u00f3 en la intervenci\u00f3n policial para <strong>prevenir una escalada de violencia<\/strong>. El detenido fue trasladado a la dependencia policial y <strong>qued\u00f3 a disposici\u00f3n de la Fiscal\u00eda local<\/strong>, que inici\u00f3 las actuaciones correspondientes por <strong>amenazas en contexto de alteraci\u00f3n del orden p\u00fablico<\/strong>.<\/p>\n\n\n\n<p>#Seguridad #Policiales #Amenazas #Aprehensi\u00f3n #SanPedro #ConflictoVecinal<\/p>\n","protected":false},"excerpt":{"rendered":"<p>Un conflicto vecinal termin\u00f3 con la aprehensi\u00f3n de un hombre de 37 a\u00f1os que amenaz\u00f3 de muerte a otro en plena v\u00eda p\u00fablica. En la jornada de ayer, personal policial que patrullaba la zona de G\u00fcemes y Sargento Selada intervino ante una pelea entre dos hombres. Al llegar al lugar, los efectivos procedieron a la [&hellip;]<\/p>\n","protected":false},"author":4,"featured_media":144691,"comment_status":"closed","ping_status":"closed","sticky":false,"template":"","format":"standard","meta":{"om_disable_all_campaigns":false,"_jetpack_memberships_contains_paid_content":false,"footnotes":""},"categories":[2,103],"tags":[7036,7034,3693,7037,7035,5053],"class_list":["post-144690","post","type-post","status-publish","format-standard","has-post-thumbnail","hentry","category-locales","category-policiales-locales","tag-amenazas-de-muerte","tag-aprehension-por-amenazas","tag-conflicto-vecinal","tag-hechos-policiales-san-pedro","tag-pelea-en-via-publica","tag-policia-san-pedro"],"aioseo_notices":[],"gutentor_comment":0,"jetpack_featured_media_url":"https:\/\/eldiariodesanpedro.com.ar\/sitio\/wp-content\/uploads\/2025\/10\/medida-1-31.jpg","jetpack_shortlink":"https:\/\/wp.me\/p6RhLt-BDI","jetpack_sharing_enabled":true,"_links":{"self":[{"href":"https:\/\/eldiariodesanpedro.com.ar\/sitio\/wp-json\/wp\/v2\/posts\/144690","targetHints":{"allow":["GET"]}}],"collection":[{"href":"https:\/\/eldiariodesanpedro.com.ar\/sitio\/wp-json\/wp\/v2\/posts"}],"about":[{"href":"https:\/\/eldiariodesanpedro.com.ar\/sitio\/wp-json\/wp\/v2\/types\/post"}],"author":[{"embeddable":true,"href":"https:\/\/eldiariodesanpedro.com.ar\/sitio\/wp-json\/wp\/v2\/users\/4"}],"replies":[{"embeddable":true,"href":"https:\/\/eldiariodesanpedro.com.ar\/sitio\/wp-json\/wp\/v2\/comments?post=144690"}],"version-history":[{"count":1,"href":"https:\/\/eldiariodesanpedro.com.ar\/sitio\/wp-json\/wp\/v2\/posts\/144690\/revisions"}],"predecessor-version":[{"id":144692,"href":"https:\/\/eldiariodesanpedro.com.ar\/sitio\/wp-json\/wp\/v2\/posts\/144690\/revisions\/144692"}],"wp:featuredmedia":[{"embeddable":true,"href":"https:\/\/eldiariodesanpedro.com.ar\/sitio\/wp-json\/wp\/v2\/media\/144691"}],"wp:attachment":[{"href":"https:\/\/eldiariodesanpedro.com.ar\/sitio\/wp-json\/wp\/v2\/media?parent=144690"}],"wp:term":[{"taxonomy":"category","embeddable":true,"href":"https:\/\/eldiariodesanpedro.com.ar\/sitio\/wp-json\/wp\/v2\/categories?post=144690"},{"taxonomy":"post_tag","embeddable":true,"href":"https:\/\/eldiariodesanpedro.com.ar\/sitio\/wp-json\/wp\/v2\/tags?post=144690"}],"curies":[{"name":"wp","href":"https:\/\/api.w.org\/{rel}","templated":true}]}}