{"id":14467,"date":"2017-02-10T09:18:19","date_gmt":"2017-02-10T12:18:19","guid":{"rendered":"https:\/\/eldiariodesanpedro.com.ar\/sitio\/?p=14467"},"modified":"2017-02-10T09:18:19","modified_gmt":"2017-02-10T12:18:19","slug":"intentaron-prender-fuego-un-local-de-ventas-de-moto","status":"publish","type":"post","link":"https:\/\/eldiariodesanpedro.com.ar\/sitio\/intentaron-prender-fuego-un-local-de-ventas-de-moto\/","title":{"rendered":"Intentaron prender fuego un local de ventas de moto"},"content":{"rendered":"<p><!-- VideographyWP Plugin Message: Automatic video embedding prevented by plugin options. --><br \/>\nEn la madrugada de hoy viernes alrededor de las 02:00 hs personal uniformado se present\u00f3 en un local comercial de ventas de moto ubicado en calle Mitre al 2200 donde autores ignorados habr\u00edan intentado prender fuego el mismo. <\/p>\n<p>Siento sofocado por los uniformados sin necesidad de la presencia de bomberos voluntarios, se solicit\u00f3 las im\u00e1genes de la c\u00e1mara de seguridad de la v\u00eda p\u00fablica que se encuentra en el lugar con la que se pudo determinar que los que comenzaron el intento de incendio fueron dos hombres. <\/p>\n","protected":false},"excerpt":{"rendered":"<p>En la madrugada de hoy viernes alrededor de las 02:00 hs personal uniformado se present\u00f3 en un local comercial de ventas de moto ubicado en calle Mitre al 2200 donde autores ignorados habr\u00edan intentado prender fuego el mismo. Siento sofocado por los uniformados sin necesidad de la presencia de bomberos voluntarios, se solicit\u00f3 las im\u00e1genes [&hellip;]<\/p>\n","protected":false},"author":4,"featured_media":13372,"comment_status":"open","ping_status":"closed","sticky":false,"template":"","format":"standard","meta":{"om_disable_all_campaigns":false,"_jetpack_memberships_contains_paid_content":false,"footnotes":""},"categories":[2,103],"tags":[],"class_list":["post-14467","post","type-post","status-publish","format-standard","has-post-thumbnail","hentry","category-locales","category-policiales-locales"],"aioseo_notices":[],"gutentor_comment":0,"jetpack_featured_media_url":"https:\/\/eldiariodesanpedro.com.ar\/sitio\/wp-content\/uploads\/2017\/01\/Patrulla-4-e1485286120389.jpg","jetpack_shortlink":"https:\/\/wp.me\/p6RhLt-3Ll","jetpack_sharing_enabled":true,"_links":{"self":[{"href":"https:\/\/eldiariodesanpedro.com.ar\/sitio\/wp-json\/wp\/v2\/posts\/14467","targetHints":{"allow":["GET"]}}],"collection":[{"href":"https:\/\/eldiariodesanpedro.com.ar\/sitio\/wp-json\/wp\/v2\/posts"}],"about":[{"href":"https:\/\/eldiariodesanpedro.com.ar\/sitio\/wp-json\/wp\/v2\/types\/post"}],"author":[{"embeddable":true,"href":"https:\/\/eldiariodesanpedro.com.ar\/sitio\/wp-json\/wp\/v2\/users\/4"}],"replies":[{"embeddable":true,"href":"https:\/\/eldiariodesanpedro.com.ar\/sitio\/wp-json\/wp\/v2\/comments?post=14467"}],"version-history":[{"count":1,"href":"https:\/\/eldiariodesanpedro.com.ar\/sitio\/wp-json\/wp\/v2\/posts\/14467\/revisions"}],"predecessor-version":[{"id":14468,"href":"https:\/\/eldiariodesanpedro.com.ar\/sitio\/wp-json\/wp\/v2\/posts\/14467\/revisions\/14468"}],"wp:featuredmedia":[{"embeddable":true,"href":"https:\/\/eldiariodesanpedro.com.ar\/sitio\/wp-json\/wp\/v2\/media\/13372"}],"wp:attachment":[{"href":"https:\/\/eldiariodesanpedro.com.ar\/sitio\/wp-json\/wp\/v2\/media?parent=14467"}],"wp:term":[{"taxonomy":"category","embeddable":true,"href":"https:\/\/eldiariodesanpedro.com.ar\/sitio\/wp-json\/wp\/v2\/categories?post=14467"},{"taxonomy":"post_tag","embeddable":true,"href":"https:\/\/eldiariodesanpedro.com.ar\/sitio\/wp-json\/wp\/v2\/tags?post=14467"}],"curies":[{"name":"wp","href":"https:\/\/api.w.org\/{rel}","templated":true}]}}