{"id":144669,"date":"2025-10-22T16:57:47","date_gmt":"2025-10-22T19:57:47","guid":{"rendered":"https:\/\/eldiariodesanpedro.com.ar\/sitio\/?p=144669"},"modified":"2025-10-22T16:57:51","modified_gmt":"2025-10-22T19:57:51","slug":"orden-de-detencion-por-abuso-sexual-en-santa-lucia","status":"publish","type":"post","link":"https:\/\/eldiariodesanpedro.com.ar\/sitio\/orden-de-detencion-por-abuso-sexual-en-santa-lucia\/","title":{"rendered":"Orden de detenci\u00f3n por abuso sexual en Santa Luc\u00eda"},"content":{"rendered":"<!-- VideographyWP Plugin Message: Automatic video embedding prevented by plugin options. -->\n\n<p>Un hombre de 36 a\u00f1os fue detenido en Santa Luc\u00eda por una orden judicial relacionada con una causa por abuso sexual, emitida por el Juzgado de Garant\u00edas de San Nicol\u00e1s.<\/p>\n\n\n\n<p>En el d\u00eda de ayer, <strong>personal del Destacamento Santa Luc\u00eda<\/strong> llev\u00f3 adelante un operativo en una vivienda ubicada sobre <strong>calle Sarmiento, entre Hermano Rivarola y Presidente Per\u00f3n<\/strong>, donde se <strong>efectiviz\u00f3 la detenci\u00f3n de un hombre de 36 a\u00f1os<\/strong> que registraba una <strong>orden judicial de detenci\u00f3n por una causa de abuso sexual<\/strong>.<\/p>\n\n\n\n<p>La medida fue dispuesta por el <strong>Juzgado de Garant\u00edas de San Nicol\u00e1s<\/strong>, que adem\u00e1s orden\u00f3 la <strong>notificaci\u00f3n de la causa<\/strong> al detenido, quien qued\u00f3 <strong>alojado en el sector de calabozos<\/strong> a disposici\u00f3n de la Justicia.<\/p>\n\n\n\n<p>Esta intervenci\u00f3n se enmarca en las tareas coordinadas entre las fuerzas policiales y el Poder Judicial para el <strong>cumplimiento de \u00f3rdenes judiciales y causas en tr\u00e1mite<\/strong> en el distrito.<\/p>\n\n\n\n<p>#SantaLuc\u00eda #Policiales #AbusoSexual #Detenci\u00f3n #SanPedro #NoticiasSanPedro #Polic\u00eda #JuzgadoDeGarant\u00edas<\/p>\n\n\n<div class=\"wp-block-image\">\n<figure class=\"aligncenter size-full\"><img decoding=\"async\" width=\"474\" height=\"630\" data-attachment-id=\"144671\" data-permalink=\"https:\/\/eldiariodesanpedro.com.ar\/sitio\/orden-de-detencion-por-abuso-sexual-en-santa-lucia\/1-354\/\" data-orig-file=\"https:\/\/eldiariodesanpedro.com.ar\/sitio\/wp-content\/uploads\/2025\/10\/1.jpg\" data-orig-size=\"474,630\" data-comments-opened=\"0\" data-image-meta=\"{&quot;aperture&quot;:&quot;0&quot;,&quot;credit&quot;:&quot;&quot;,&quot;camera&quot;:&quot;&quot;,&quot;caption&quot;:&quot;&quot;,&quot;created_timestamp&quot;:&quot;0&quot;,&quot;copyright&quot;:&quot;&quot;,&quot;focal_length&quot;:&quot;0&quot;,&quot;iso&quot;:&quot;0&quot;,&quot;shutter_speed&quot;:&quot;0&quot;,&quot;title&quot;:&quot;&quot;,&quot;orientation&quot;:&quot;0&quot;}\" data-image-title=\"1\" data-image-description=\"\" data-image-caption=\"\" data-large-file=\"https:\/\/eldiariodesanpedro.com.ar\/sitio\/wp-content\/uploads\/2025\/10\/1.jpg\" data-src=\"https:\/\/eldiariodesanpedro.com.ar\/sitio\/wp-content\/uploads\/2025\/10\/1.jpg\" alt=\"\" class=\"wp-image-144671 lazyload\" data-srcset=\"https:\/\/eldiariodesanpedro.com.ar\/sitio\/wp-content\/uploads\/2025\/10\/1.jpg 474w, https:\/\/eldiariodesanpedro.com.ar\/sitio\/wp-content\/uploads\/2025\/10\/1-226x300.jpg 226w\" data-sizes=\"(max-width: 474px) 100vw, 474px\" src=\"data:image\/svg+xml;base64,PHN2ZyB3aWR0aD0iMSIgaGVpZ2h0PSIxIiB4bWxucz0iaHR0cDovL3d3dy53My5vcmcvMjAwMC9zdmciPjwvc3ZnPg==\" style=\"--smush-placeholder-width: 474px; --smush-placeholder-aspect-ratio: 474\/630;\" \/><\/figure>\n<\/div>","protected":false},"excerpt":{"rendered":"<p>Un hombre de 36 a\u00f1os fue detenido en Santa Luc\u00eda por una orden judicial relacionada con una causa por abuso sexual, emitida por el Juzgado de Garant\u00edas de San Nicol\u00e1s. En el d\u00eda de ayer, personal del Destacamento Santa Luc\u00eda llev\u00f3 adelante un operativo en una vivienda ubicada sobre calle Sarmiento, entre Hermano Rivarola y [&hellip;]<\/p>\n","protected":false},"author":4,"featured_media":144670,"comment_status":"closed","ping_status":"closed","sticky":false,"template":"","format":"standard","meta":{"om_disable_all_campaigns":false,"_jetpack_memberships_contains_paid_content":false,"footnotes":""},"categories":[50,2,103],"tags":[1025,7012,7010,5194,7011,5053],"class_list":["post-144669","post","type-post","status-publish","format-standard","has-post-thumbnail","hentry","category-destacadas","category-locales","category-policiales-locales","tag-abuso-sexual","tag-destacamento-santa-lucia","tag-detencion-santa-lucia","tag-juzgado-de-garantias-san-nicolas","tag-orden-judicial","tag-policia-san-pedro"],"aioseo_notices":[],"gutentor_comment":0,"jetpack_featured_media_url":"https:\/\/eldiariodesanpedro.com.ar\/sitio\/wp-content\/uploads\/2025\/10\/medida-1-29.jpg","jetpack_shortlink":"https:\/\/wp.me\/p6RhLt-BDn","jetpack_sharing_enabled":true,"_links":{"self":[{"href":"https:\/\/eldiariodesanpedro.com.ar\/sitio\/wp-json\/wp\/v2\/posts\/144669","targetHints":{"allow":["GET"]}}],"collection":[{"href":"https:\/\/eldiariodesanpedro.com.ar\/sitio\/wp-json\/wp\/v2\/posts"}],"about":[{"href":"https:\/\/eldiariodesanpedro.com.ar\/sitio\/wp-json\/wp\/v2\/types\/post"}],"author":[{"embeddable":true,"href":"https:\/\/eldiariodesanpedro.com.ar\/sitio\/wp-json\/wp\/v2\/users\/4"}],"replies":[{"embeddable":true,"href":"https:\/\/eldiariodesanpedro.com.ar\/sitio\/wp-json\/wp\/v2\/comments?post=144669"}],"version-history":[{"count":1,"href":"https:\/\/eldiariodesanpedro.com.ar\/sitio\/wp-json\/wp\/v2\/posts\/144669\/revisions"}],"predecessor-version":[{"id":144672,"href":"https:\/\/eldiariodesanpedro.com.ar\/sitio\/wp-json\/wp\/v2\/posts\/144669\/revisions\/144672"}],"wp:featuredmedia":[{"embeddable":true,"href":"https:\/\/eldiariodesanpedro.com.ar\/sitio\/wp-json\/wp\/v2\/media\/144670"}],"wp:attachment":[{"href":"https:\/\/eldiariodesanpedro.com.ar\/sitio\/wp-json\/wp\/v2\/media?parent=144669"}],"wp:term":[{"taxonomy":"category","embeddable":true,"href":"https:\/\/eldiariodesanpedro.com.ar\/sitio\/wp-json\/wp\/v2\/categories?post=144669"},{"taxonomy":"post_tag","embeddable":true,"href":"https:\/\/eldiariodesanpedro.com.ar\/sitio\/wp-json\/wp\/v2\/tags?post=144669"}],"curies":[{"name":"wp","href":"https:\/\/api.w.org\/{rel}","templated":true}]}}