{"id":144663,"date":"2025-10-22T16:46:26","date_gmt":"2025-10-22T19:46:26","guid":{"rendered":"https:\/\/eldiariodesanpedro.com.ar\/sitio\/?p=144663"},"modified":"2025-10-22T16:46:31","modified_gmt":"2025-10-22T19:46:31","slug":"colocacion-y-mantenimiento-de-las-letras-san-pedro-en-el-acceso-por-ruta-1001","status":"publish","type":"post","link":"https:\/\/eldiariodesanpedro.com.ar\/sitio\/colocacion-y-mantenimiento-de-las-letras-san-pedro-en-el-acceso-por-ruta-1001\/","title":{"rendered":"Colocaci\u00f3n y mantenimiento de las letras \u201cSan Pedro\u201d en el acceso por Ruta 1001"},"content":{"rendered":"<!-- VideographyWP Plugin Message: Automatic video embedding prevented by plugin options. -->\n\n<p>La Municipalidad avanza con la colocaci\u00f3n y mantenimiento de las letras \u201cSan Pedro\u201d en el acceso por Ruta 1001, dentro del plan de puesta en valor.<\/p>\n\n\n\n<p>La <strong>Municipalidad de San Pedro<\/strong>, a trav\u00e9s de la <strong>Secretar\u00eda de Obras P\u00fablicas<\/strong>, lleva adelante <strong>tareas de colocaci\u00f3n y mantenimiento de las letras corp\u00f3reas<\/strong> que identifican a la ciudad en el ingreso por <strong>Ruta 1001<\/strong>, a la altura del <strong>Crucero General Belgrano<\/strong>.<\/p>\n\n\n\n<p>Esta intervenci\u00f3n forma parte del <strong>plan de puesta en valor de los accesos a la ciudad<\/strong>, que incluye <strong>trabajos de pintura, mantenimiento general y la renovaci\u00f3n de luminarias LED<\/strong> en distintos sectores de San Pedro. El objetivo es <strong>mejorar la est\u00e9tica urbana y reforzar la identidad local<\/strong> con espacios cuidados y modernos que den la bienvenida a vecinos y visitantes.<\/p>\n\n\n\n<p>#SanPedro #ObrasP\u00fablicas #MunicipalidadDeSanPedro #Ruta1001 #PuestaEnValor #LetrasSanPedro #CecilioSalazar #Infraestructura<\/p>\n\n\n\n<div class=\"wp-block-jetpack-slideshow aligncenter\" data-effect=\"slide\"><div class=\"wp-block-jetpack-slideshow_container swiper-container\"><ul class=\"wp-block-jetpack-slideshow_swiper-wrapper swiper-wrapper\"><li class=\"wp-block-jetpack-slideshow_slide swiper-slide\"><figure><img decoding=\"async\" width=\"946\" height=\"630\" alt=\"\" class=\"wp-block-jetpack-slideshow_image wp-image-144667 lazyload\" data-id=\"144667\" data-src=\"https:\/\/eldiariodesanpedro.com.ar\/sitio\/wp-content\/uploads\/2025\/10\/Imagen-de-WhatsApp-2025-10-22-a-las-16.01.12_ef160dde.jpg\" data-srcset=\"https:\/\/eldiariodesanpedro.com.ar\/sitio\/wp-content\/uploads\/2025\/10\/Imagen-de-WhatsApp-2025-10-22-a-las-16.01.12_ef160dde.jpg 946w, https:\/\/eldiariodesanpedro.com.ar\/sitio\/wp-content\/uploads\/2025\/10\/Imagen-de-WhatsApp-2025-10-22-a-las-16.01.12_ef160dde-300x200.jpg 300w, https:\/\/eldiariodesanpedro.com.ar\/sitio\/wp-content\/uploads\/2025\/10\/Imagen-de-WhatsApp-2025-10-22-a-las-16.01.12_ef160dde-768x511.jpg 768w\" data-sizes=\"(max-width: 946px) 100vw, 946px\" src=\"data:image\/svg+xml;base64,PHN2ZyB3aWR0aD0iMSIgaGVpZ2h0PSIxIiB4bWxucz0iaHR0cDovL3d3dy53My5vcmcvMjAwMC9zdmciPjwvc3ZnPg==\" style=\"--smush-placeholder-width: 946px; --smush-placeholder-aspect-ratio: 946\/630;\" \/><\/figure><\/li><li class=\"wp-block-jetpack-slideshow_slide swiper-slide\"><figure><img decoding=\"async\" width=\"946\" height=\"630\" alt=\"\" class=\"wp-block-jetpack-slideshow_image wp-image-144666 lazyload\" data-id=\"144666\" data-src=\"https:\/\/eldiariodesanpedro.com.ar\/sitio\/wp-content\/uploads\/2025\/10\/Imagen-de-WhatsApp-2025-10-22-a-las-16.01.12_cce25bd4.jpg\" data-srcset=\"https:\/\/eldiariodesanpedro.com.ar\/sitio\/wp-content\/uploads\/2025\/10\/Imagen-de-WhatsApp-2025-10-22-a-las-16.01.12_cce25bd4.jpg 946w, https:\/\/eldiariodesanpedro.com.ar\/sitio\/wp-content\/uploads\/2025\/10\/Imagen-de-WhatsApp-2025-10-22-a-las-16.01.12_cce25bd4-300x200.jpg 300w, https:\/\/eldiariodesanpedro.com.ar\/sitio\/wp-content\/uploads\/2025\/10\/Imagen-de-WhatsApp-2025-10-22-a-las-16.01.12_cce25bd4-768x511.jpg 768w\" data-sizes=\"(max-width: 946px) 100vw, 946px\" src=\"data:image\/svg+xml;base64,PHN2ZyB3aWR0aD0iMSIgaGVpZ2h0PSIxIiB4bWxucz0iaHR0cDovL3d3dy53My5vcmcvMjAwMC9zdmciPjwvc3ZnPg==\" style=\"--smush-placeholder-width: 946px; --smush-placeholder-aspect-ratio: 946\/630;\" \/><\/figure><\/li><li class=\"wp-block-jetpack-slideshow_slide swiper-slide\"><figure><img decoding=\"async\" width=\"946\" height=\"630\" alt=\"\" class=\"wp-block-jetpack-slideshow_image wp-image-144665 lazyload\" data-id=\"144665\" data-src=\"https:\/\/eldiariodesanpedro.com.ar\/sitio\/wp-content\/uploads\/2025\/10\/Imagen-de-WhatsApp-2025-10-22-a-las-16.01.12_4ea810f3.jpg\" data-srcset=\"https:\/\/eldiariodesanpedro.com.ar\/sitio\/wp-content\/uploads\/2025\/10\/Imagen-de-WhatsApp-2025-10-22-a-las-16.01.12_4ea810f3.jpg 946w, https:\/\/eldiariodesanpedro.com.ar\/sitio\/wp-content\/uploads\/2025\/10\/Imagen-de-WhatsApp-2025-10-22-a-las-16.01.12_4ea810f3-300x200.jpg 300w, https:\/\/eldiariodesanpedro.com.ar\/sitio\/wp-content\/uploads\/2025\/10\/Imagen-de-WhatsApp-2025-10-22-a-las-16.01.12_4ea810f3-768x511.jpg 768w\" data-sizes=\"(max-width: 946px) 100vw, 946px\" src=\"data:image\/svg+xml;base64,PHN2ZyB3aWR0aD0iMSIgaGVpZ2h0PSIxIiB4bWxucz0iaHR0cDovL3d3dy53My5vcmcvMjAwMC9zdmciPjwvc3ZnPg==\" style=\"--smush-placeholder-width: 946px; --smush-placeholder-aspect-ratio: 946\/630;\" \/><\/figure><\/li><\/ul><a class=\"wp-block-jetpack-slideshow_button-prev swiper-button-prev swiper-button-white\" role=\"button\"><\/a><a class=\"wp-block-jetpack-slideshow_button-next swiper-button-next swiper-button-white\" role=\"button\"><\/a><a aria-label=\"Pause Slideshow\" class=\"wp-block-jetpack-slideshow_button-pause\" role=\"button\"><\/a><div class=\"wp-block-jetpack-slideshow_pagination swiper-pagination swiper-pagination-white\"><\/div><\/div><\/div>\n","protected":false},"excerpt":{"rendered":"<p>La Municipalidad avanza con la colocaci\u00f3n y mantenimiento de las letras \u201cSan Pedro\u201d en el acceso por Ruta 1001, dentro del plan de puesta en valor. La Municipalidad de San Pedro, a trav\u00e9s de la Secretar\u00eda de Obras P\u00fablicas, lleva adelante tareas de colocaci\u00f3n y mantenimiento de las letras corp\u00f3reas que identifican a la ciudad [&hellip;]<\/p>\n","protected":false},"author":4,"featured_media":144664,"comment_status":"closed","ping_status":"closed","sticky":false,"template":"","format":"standard","meta":{"om_disable_all_campaigns":false,"_jetpack_memberships_contains_paid_content":false,"footnotes":""},"categories":[50,101,2],"tags":[7009,7005,7008,7006,3758,4102,7007,219,19],"class_list":["post-144663","post","type-post","status-publish","format-standard","has-post-thumbnail","hentry","category-destacadas","category-interes-general-locales","category-locales","tag-acceso-a-la-ciudad","tag-letras-corporeas","tag-luminarias-led","tag-mantenimiento","tag-municipalidad-de-san-pedro","tag-obras-publicas","tag-puesta-en-valor","tag-ruta-1001","tag-san-pedro"],"aioseo_notices":[],"gutentor_comment":0,"jetpack_featured_media_url":"https:\/\/eldiariodesanpedro.com.ar\/sitio\/wp-content\/uploads\/2025\/10\/Imagen-de-WhatsApp-2025-10-22-a-las-16.01.11_0f19292d.jpg","jetpack_shortlink":"https:\/\/wp.me\/p6RhLt-BDh","jetpack_sharing_enabled":true,"_links":{"self":[{"href":"https:\/\/eldiariodesanpedro.com.ar\/sitio\/wp-json\/wp\/v2\/posts\/144663","targetHints":{"allow":["GET"]}}],"collection":[{"href":"https:\/\/eldiariodesanpedro.com.ar\/sitio\/wp-json\/wp\/v2\/posts"}],"about":[{"href":"https:\/\/eldiariodesanpedro.com.ar\/sitio\/wp-json\/wp\/v2\/types\/post"}],"author":[{"embeddable":true,"href":"https:\/\/eldiariodesanpedro.com.ar\/sitio\/wp-json\/wp\/v2\/users\/4"}],"replies":[{"embeddable":true,"href":"https:\/\/eldiariodesanpedro.com.ar\/sitio\/wp-json\/wp\/v2\/comments?post=144663"}],"version-history":[{"count":1,"href":"https:\/\/eldiariodesanpedro.com.ar\/sitio\/wp-json\/wp\/v2\/posts\/144663\/revisions"}],"predecessor-version":[{"id":144668,"href":"https:\/\/eldiariodesanpedro.com.ar\/sitio\/wp-json\/wp\/v2\/posts\/144663\/revisions\/144668"}],"wp:featuredmedia":[{"embeddable":true,"href":"https:\/\/eldiariodesanpedro.com.ar\/sitio\/wp-json\/wp\/v2\/media\/144664"}],"wp:attachment":[{"href":"https:\/\/eldiariodesanpedro.com.ar\/sitio\/wp-json\/wp\/v2\/media?parent=144663"}],"wp:term":[{"taxonomy":"category","embeddable":true,"href":"https:\/\/eldiariodesanpedro.com.ar\/sitio\/wp-json\/wp\/v2\/categories?post=144663"},{"taxonomy":"post_tag","embeddable":true,"href":"https:\/\/eldiariodesanpedro.com.ar\/sitio\/wp-json\/wp\/v2\/tags?post=144663"}],"curies":[{"name":"wp","href":"https:\/\/api.w.org\/{rel}","templated":true}]}}