{"id":144657,"date":"2025-10-22T16:33:01","date_gmt":"2025-10-22T19:33:01","guid":{"rendered":"https:\/\/eldiariodesanpedro.com.ar\/sitio\/?p=144657"},"modified":"2025-10-22T16:33:05","modified_gmt":"2025-10-22T19:33:05","slug":"trabajos-de-mantenimiento-y-puesta-en-valor-en-el-cementerio-municipal","status":"publish","type":"post","link":"https:\/\/eldiariodesanpedro.com.ar\/sitio\/trabajos-de-mantenimiento-y-puesta-en-valor-en-el-cementerio-municipal\/","title":{"rendered":"Trabajos de mantenimiento y puesta en valor en el Cementerio Municipal"},"content":{"rendered":"<!-- VideographyWP Plugin Message: Automatic video embedding prevented by plugin options. -->\n\n<p>La Municipalidad realiza tareas de limpieza, pintura y restauraci\u00f3n en el Cementerio Municipal para conservar su valor hist\u00f3rico y comunitario.<\/p>\n\n\n\n<p>La <strong>Municipalidad de San Pedro<\/strong>, a trav\u00e9s de la <strong>Secretar\u00eda de Servicios P\u00fablicos<\/strong>, lleva adelante una serie de <strong>trabajos de mantenimiento y mejora en el Cementerio Municipal<\/strong>, con el prop\u00f3sito de <strong>mantener el espacio en condiciones adecuadas<\/strong> y <strong>preservar su valor hist\u00f3rico y comunitario<\/strong>.<\/p>\n\n\n\n<p>Las tareas comprenden <strong>limpieza profunda, pintura de cordones, acondicionamiento de veredas y mantenimiento general<\/strong> en distintos sectores del predio. Estas acciones se realizan con el uso de <strong>nuevas herramientas<\/strong> y con la participaci\u00f3n del <strong>personal del \u00e1rea de Mantenimiento<\/strong>.<\/p>\n\n\n\n<p>Asimismo, se ejecutan <strong>trabajos en la capilla<\/strong>, donde el pr\u00f3ximo <strong>2 de noviembre<\/strong> se llevar\u00e1 a cabo la <strong>tradicional misa de los difuntos<\/strong>, y tambi\u00e9n en el sector donde se encuentra la <strong>imagen de la Virgen<\/strong>, con el objetivo de mejorar su presentaci\u00f3n y accesibilidad.<\/p>\n\n\n\n<p>Como parte del <strong>plan integral de puesta en valor<\/strong>, se inici\u00f3 la <strong>restauraci\u00f3n de sepulturas hist\u00f3ricas<\/strong> y de <strong>figuras destacadas de la comunidad<\/strong>, comenzando por la del <strong>Dr. Emilio Ruffa<\/strong>, referente de la historia local. La intenci\u00f3n es <strong>continuar progresivamente con otras restauraciones<\/strong> que contribuyan a <strong>preservar el patrimonio del cementerio<\/strong> y su identidad hist\u00f3rica.<\/p>\n\n\n\n<p>#SanPedro #CementerioMunicipal #MantenimientoUrbano #PuestaEnValor #ServiciosP\u00fablicos #MunicipalidadDeSanPedro #PatrimonioHist\u00f3rico #ObrasSanPedro<\/p>\n\n\n\n<div class=\"wp-block-jetpack-slideshow aligncenter\" data-effect=\"slide\"><div class=\"wp-block-jetpack-slideshow_container swiper-container\"><ul class=\"wp-block-jetpack-slideshow_swiper-wrapper swiper-wrapper\"><li class=\"wp-block-jetpack-slideshow_slide swiper-slide\"><figure><img decoding=\"async\" width=\"946\" height=\"630\" alt=\"\" class=\"wp-block-jetpack-slideshow_image wp-image-144661 lazyload\" data-id=\"144661\" data-src=\"https:\/\/eldiariodesanpedro.com.ar\/sitio\/wp-content\/uploads\/2025\/10\/Imagen-de-WhatsApp-2025-10-22-a-las-14.38.24_28893ea2.jpg\" data-srcset=\"https:\/\/eldiariodesanpedro.com.ar\/sitio\/wp-content\/uploads\/2025\/10\/Imagen-de-WhatsApp-2025-10-22-a-las-14.38.24_28893ea2.jpg 946w, https:\/\/eldiariodesanpedro.com.ar\/sitio\/wp-content\/uploads\/2025\/10\/Imagen-de-WhatsApp-2025-10-22-a-las-14.38.24_28893ea2-300x200.jpg 300w, https:\/\/eldiariodesanpedro.com.ar\/sitio\/wp-content\/uploads\/2025\/10\/Imagen-de-WhatsApp-2025-10-22-a-las-14.38.24_28893ea2-768x511.jpg 768w\" data-sizes=\"(max-width: 946px) 100vw, 946px\" src=\"data:image\/svg+xml;base64,PHN2ZyB3aWR0aD0iMSIgaGVpZ2h0PSIxIiB4bWxucz0iaHR0cDovL3d3dy53My5vcmcvMjAwMC9zdmciPjwvc3ZnPg==\" style=\"--smush-placeholder-width: 946px; --smush-placeholder-aspect-ratio: 946\/630;\" \/><\/figure><\/li><li class=\"wp-block-jetpack-slideshow_slide swiper-slide\"><figure><img decoding=\"async\" width=\"946\" height=\"630\" alt=\"\" class=\"wp-block-jetpack-slideshow_image wp-image-144660 lazyload\" data-id=\"144660\" data-src=\"https:\/\/eldiariodesanpedro.com.ar\/sitio\/wp-content\/uploads\/2025\/10\/Imagen-de-WhatsApp-2025-10-22-a-las-14.38.24_00103a23.jpg\" data-srcset=\"https:\/\/eldiariodesanpedro.com.ar\/sitio\/wp-content\/uploads\/2025\/10\/Imagen-de-WhatsApp-2025-10-22-a-las-14.38.24_00103a23.jpg 946w, https:\/\/eldiariodesanpedro.com.ar\/sitio\/wp-content\/uploads\/2025\/10\/Imagen-de-WhatsApp-2025-10-22-a-las-14.38.24_00103a23-300x200.jpg 300w, https:\/\/eldiariodesanpedro.com.ar\/sitio\/wp-content\/uploads\/2025\/10\/Imagen-de-WhatsApp-2025-10-22-a-las-14.38.24_00103a23-768x511.jpg 768w\" data-sizes=\"(max-width: 946px) 100vw, 946px\" src=\"data:image\/svg+xml;base64,PHN2ZyB3aWR0aD0iMSIgaGVpZ2h0PSIxIiB4bWxucz0iaHR0cDovL3d3dy53My5vcmcvMjAwMC9zdmciPjwvc3ZnPg==\" style=\"--smush-placeholder-width: 946px; --smush-placeholder-aspect-ratio: 946\/630;\" \/><\/figure><\/li><li class=\"wp-block-jetpack-slideshow_slide swiper-slide\"><figure><img decoding=\"async\" width=\"946\" height=\"630\" alt=\"\" class=\"wp-block-jetpack-slideshow_image wp-image-144659 lazyload\" data-id=\"144659\" data-src=\"https:\/\/eldiariodesanpedro.com.ar\/sitio\/wp-content\/uploads\/2025\/10\/Imagen-de-WhatsApp-2025-10-22-a-las-14.38.24_1d856ef7.jpg\" data-srcset=\"https:\/\/eldiariodesanpedro.com.ar\/sitio\/wp-content\/uploads\/2025\/10\/Imagen-de-WhatsApp-2025-10-22-a-las-14.38.24_1d856ef7.jpg 946w, https:\/\/eldiariodesanpedro.com.ar\/sitio\/wp-content\/uploads\/2025\/10\/Imagen-de-WhatsApp-2025-10-22-a-las-14.38.24_1d856ef7-300x200.jpg 300w, https:\/\/eldiariodesanpedro.com.ar\/sitio\/wp-content\/uploads\/2025\/10\/Imagen-de-WhatsApp-2025-10-22-a-las-14.38.24_1d856ef7-768x511.jpg 768w\" data-sizes=\"(max-width: 946px) 100vw, 946px\" src=\"data:image\/svg+xml;base64,PHN2ZyB3aWR0aD0iMSIgaGVpZ2h0PSIxIiB4bWxucz0iaHR0cDovL3d3dy53My5vcmcvMjAwMC9zdmciPjwvc3ZnPg==\" style=\"--smush-placeholder-width: 946px; --smush-placeholder-aspect-ratio: 946\/630;\" \/><\/figure><\/li><\/ul><a class=\"wp-block-jetpack-slideshow_button-prev swiper-button-prev swiper-button-white\" role=\"button\"><\/a><a class=\"wp-block-jetpack-slideshow_button-next swiper-button-next swiper-button-white\" role=\"button\"><\/a><a aria-label=\"Pause Slideshow\" class=\"wp-block-jetpack-slideshow_button-pause\" role=\"button\"><\/a><div class=\"wp-block-jetpack-slideshow_pagination swiper-pagination swiper-pagination-white\"><\/div><\/div><\/div>\n","protected":false},"excerpt":{"rendered":"<p>La Municipalidad realiza tareas de limpieza, pintura y restauraci\u00f3n en el Cementerio Municipal para conservar su valor hist\u00f3rico y comunitario. La Municipalidad de San Pedro, a trav\u00e9s de la Secretar\u00eda de Servicios P\u00fablicos, lleva adelante una serie de trabajos de mantenimiento y mejora en el Cementerio Municipal, con el prop\u00f3sito de mantener el espacio en [&hellip;]<\/p>\n","protected":false},"author":4,"featured_media":144658,"comment_status":"closed","ping_status":"closed","sticky":false,"template":"","format":"standard","meta":{"om_disable_all_campaigns":false,"_jetpack_memberships_contains_paid_content":false,"footnotes":""},"categories":[50,101,2],"tags":[6999,7002,7000,5716,7001,7003,6880],"class_list":["post-144657","post","type-post","status-publish","format-standard","has-post-thumbnail","hentry","category-destacadas","category-interes-general-locales","category-locales","tag-cementerio-municipal-san-pedro","tag-dr-emilio-ruffa","tag-mantenimiento-cementerio","tag-obras-municipales","tag-puesta-en-valor-san-pedro","tag-restauracion-patrimonio","tag-secretaria-de-servicios-publicos"],"aioseo_notices":[],"gutentor_comment":0,"jetpack_featured_media_url":"https:\/\/eldiariodesanpedro.com.ar\/sitio\/wp-content\/uploads\/2025\/10\/Imagen-de-WhatsApp-2025-10-22-a-las-14.38.23_4245f9c3.jpg","jetpack_shortlink":"https:\/\/wp.me\/p6RhLt-BDb","jetpack_sharing_enabled":true,"_links":{"self":[{"href":"https:\/\/eldiariodesanpedro.com.ar\/sitio\/wp-json\/wp\/v2\/posts\/144657","targetHints":{"allow":["GET"]}}],"collection":[{"href":"https:\/\/eldiariodesanpedro.com.ar\/sitio\/wp-json\/wp\/v2\/posts"}],"about":[{"href":"https:\/\/eldiariodesanpedro.com.ar\/sitio\/wp-json\/wp\/v2\/types\/post"}],"author":[{"embeddable":true,"href":"https:\/\/eldiariodesanpedro.com.ar\/sitio\/wp-json\/wp\/v2\/users\/4"}],"replies":[{"embeddable":true,"href":"https:\/\/eldiariodesanpedro.com.ar\/sitio\/wp-json\/wp\/v2\/comments?post=144657"}],"version-history":[{"count":1,"href":"https:\/\/eldiariodesanpedro.com.ar\/sitio\/wp-json\/wp\/v2\/posts\/144657\/revisions"}],"predecessor-version":[{"id":144662,"href":"https:\/\/eldiariodesanpedro.com.ar\/sitio\/wp-json\/wp\/v2\/posts\/144657\/revisions\/144662"}],"wp:featuredmedia":[{"embeddable":true,"href":"https:\/\/eldiariodesanpedro.com.ar\/sitio\/wp-json\/wp\/v2\/media\/144658"}],"wp:attachment":[{"href":"https:\/\/eldiariodesanpedro.com.ar\/sitio\/wp-json\/wp\/v2\/media?parent=144657"}],"wp:term":[{"taxonomy":"category","embeddable":true,"href":"https:\/\/eldiariodesanpedro.com.ar\/sitio\/wp-json\/wp\/v2\/categories?post=144657"},{"taxonomy":"post_tag","embeddable":true,"href":"https:\/\/eldiariodesanpedro.com.ar\/sitio\/wp-json\/wp\/v2\/tags?post=144657"}],"curies":[{"name":"wp","href":"https:\/\/api.w.org\/{rel}","templated":true}]}}