{"id":14465,"date":"2017-02-10T09:11:38","date_gmt":"2017-02-10T12:11:38","guid":{"rendered":"https:\/\/eldiariodesanpedro.com.ar\/sitio\/?p=14465"},"modified":"2017-02-10T09:11:38","modified_gmt":"2017-02-10T12:11:38","slug":"se-disparo-solo-en-el-pie-accidentalmente","status":"publish","type":"post","link":"https:\/\/eldiariodesanpedro.com.ar\/sitio\/se-disparo-solo-en-el-pie-accidentalmente\/","title":{"rendered":"Se disparo solo en el pie accidentalmente"},"content":{"rendered":"<p><!-- VideographyWP Plugin Message: Automatic video embedding prevented by plugin options. --><br \/>\nEn la noche de este jueves alrededor de las 20:30 hs a ra\u00edz de un llamado telef\u00f3nico se toma conocimiento de una persona herida de arma de fuego en la zona de Bajo Campodonico cuartel 3 de R\u00edo Tala haci\u00e9ndose personal policial de esa secci\u00f3nal constatando la veracidad del hecho, identificando a la v\u00edctima un joven quien declar\u00f3 haberse disparado de manera accidental en el pie izquierdo con una escopeta,  siendo trasladado al hospital Emilio Ruffa por la ambulancia de sala de primeros auxilios de la localidad. <\/p>\n","protected":false},"excerpt":{"rendered":"<p>En la noche de este jueves alrededor de las 20:30 hs a ra\u00edz de un llamado telef\u00f3nico se toma conocimiento de una persona herida de arma de fuego en la zona de Bajo Campodonico cuartel 3 de R\u00edo Tala haci\u00e9ndose personal policial de esa secci\u00f3nal constatando la veracidad del hecho, identificando a la v\u00edctima un [&hellip;]<\/p>\n","protected":false},"author":4,"featured_media":2624,"comment_status":"open","ping_status":"closed","sticky":false,"template":"","format":"standard","meta":{"om_disable_all_campaigns":false,"_jetpack_memberships_contains_paid_content":false,"footnotes":""},"categories":[2,103],"tags":[],"class_list":["post-14465","post","type-post","status-publish","format-standard","has-post-thumbnail","hentry","category-locales","category-policiales-locales"],"aioseo_notices":[],"gutentor_comment":0,"jetpack_featured_media_url":"https:\/\/eldiariodesanpedro.com.ar\/sitio\/wp-content\/uploads\/2016\/04\/guardia.jpg","jetpack_shortlink":"https:\/\/wp.me\/p6RhLt-3Lj","jetpack_sharing_enabled":true,"_links":{"self":[{"href":"https:\/\/eldiariodesanpedro.com.ar\/sitio\/wp-json\/wp\/v2\/posts\/14465","targetHints":{"allow":["GET"]}}],"collection":[{"href":"https:\/\/eldiariodesanpedro.com.ar\/sitio\/wp-json\/wp\/v2\/posts"}],"about":[{"href":"https:\/\/eldiariodesanpedro.com.ar\/sitio\/wp-json\/wp\/v2\/types\/post"}],"author":[{"embeddable":true,"href":"https:\/\/eldiariodesanpedro.com.ar\/sitio\/wp-json\/wp\/v2\/users\/4"}],"replies":[{"embeddable":true,"href":"https:\/\/eldiariodesanpedro.com.ar\/sitio\/wp-json\/wp\/v2\/comments?post=14465"}],"version-history":[{"count":1,"href":"https:\/\/eldiariodesanpedro.com.ar\/sitio\/wp-json\/wp\/v2\/posts\/14465\/revisions"}],"predecessor-version":[{"id":14466,"href":"https:\/\/eldiariodesanpedro.com.ar\/sitio\/wp-json\/wp\/v2\/posts\/14465\/revisions\/14466"}],"wp:featuredmedia":[{"embeddable":true,"href":"https:\/\/eldiariodesanpedro.com.ar\/sitio\/wp-json\/wp\/v2\/media\/2624"}],"wp:attachment":[{"href":"https:\/\/eldiariodesanpedro.com.ar\/sitio\/wp-json\/wp\/v2\/media?parent=14465"}],"wp:term":[{"taxonomy":"category","embeddable":true,"href":"https:\/\/eldiariodesanpedro.com.ar\/sitio\/wp-json\/wp\/v2\/categories?post=14465"},{"taxonomy":"post_tag","embeddable":true,"href":"https:\/\/eldiariodesanpedro.com.ar\/sitio\/wp-json\/wp\/v2\/tags?post=14465"}],"curies":[{"name":"wp","href":"https:\/\/api.w.org\/{rel}","templated":true}]}}