{"id":144630,"date":"2025-10-21T16:06:12","date_gmt":"2025-10-21T19:06:12","guid":{"rendered":"https:\/\/eldiariodesanpedro.com.ar\/sitio\/?p=144630"},"modified":"2025-10-21T16:06:16","modified_gmt":"2025-10-21T19:06:16","slug":"la-municipalidad-busca-abogados-externos-para-recuperar-deudas-impagas","status":"publish","type":"post","link":"https:\/\/eldiariodesanpedro.com.ar\/sitio\/la-municipalidad-busca-abogados-externos-para-recuperar-deudas-impagas\/","title":{"rendered":"La Municipalidad busca abogados externos para recuperar deudas impagas"},"content":{"rendered":"<!-- VideographyWP Plugin Message: Automatic video embedding prevented by plugin options. -->\n\n<p>La Municipalidad lanz\u00f3 la convocatoria para sumar abogados al Registro de Abogados Externos para la Gesti\u00f3n de Recupero de Deudas. Hay tiempo hasta el 31 de octubre para postularse.<\/p>\n\n\n\n<p>La <strong>Municipalidad de San Pedro<\/strong> abri\u00f3 la <strong>convocatoria para la integraci\u00f3n del Registro de Abogados Externos para Gesti\u00f3n de Recupero de Deudas<\/strong>, con el objetivo de <strong>optimizar la gesti\u00f3n de cobro de deudas municipales<\/strong> mediante la incorporaci\u00f3n de profesionales del derecho.<\/p>\n\n\n\n<p>Los <strong>interesados podr\u00e1n presentar sus solicitudes hasta las 14:00 horas del 31 de octubre de 2025<\/strong>.<\/p>\n\n\n\n<p>Entre los <strong>requisitos principales<\/strong>, los postulantes deber\u00e1n contar con:<\/p>\n\n\n\n<ul class=\"wp-block-list\">\n<li><strong>T\u00edtulo de Abogado<\/strong>.<\/li>\n\n\n\n<li><strong>Matr\u00edcula vigente<\/strong> en el <strong>Colegio de Abogados del Departamento Judicial San Nicol\u00e1s<\/strong>.<\/li>\n\n\n\n<li><strong>Antig\u00fcedad m\u00ednima de tres a\u00f1os<\/strong> en el ejercicio ininterrumpido de la profesi\u00f3n.<\/li>\n\n\n\n<li><strong>Experiencia<\/strong> en <strong>derecho administrativo, civil y\/o comercial<\/strong>.<\/li>\n\n\n\n<li><strong>Domicilio en San Pedro<\/strong> o dentro de un <strong>radio de 50 kil\u00f3metros<\/strong> del Palacio Municipal.<\/li>\n<\/ul>\n\n\n\n<p>Desde el municipio informaron que se <strong>valorar\u00e1 la experiencia previa en representaci\u00f3n de organismos p\u00fablicos<\/strong>, ejecuciones fiscales, cobro ejecutivo, derecho administrativo y contencioso, as\u00ed como conocimientos en contrataciones p\u00fablicas.<\/p>\n\n\n\n<p>Las <strong>solicitudes<\/strong> se reciben en la <strong>Subsecretar\u00eda Legal y T\u00e9cnica<\/strong>, ubicada en <strong>Carlos Pellegrini 150<\/strong>, de <strong>lunes a viernes de 8:00 a 14:00 horas<\/strong>. Tambi\u00e9n se pueden enviar por correo electr\u00f3nico a <strong><a>dporta@sanpedro.gob.ar<\/a><\/strong>.<\/p>\n\n\n\n<p>Para <strong>consultas e informaci\u00f3n adicional<\/strong>, los interesados pueden comunicarse al <strong>tel\u00e9fono 3329-539593<\/strong> o visitar la <strong>p\u00e1gina web oficial del municipio: <a href=\"http:\/\/www.sanpedro.gob.ar\">www.sanpedro.gob.ar<\/a><\/strong>.<\/p>\n\n\n\n<p>#ConvocatoriaMunicipal #RegistroDeAbogados #SanPedro #Gesti\u00f3nMunicipal #RecuperoDeDeudas #MunicipalidadDeSanPedro<\/p>\n","protected":false},"excerpt":{"rendered":"<p>La Municipalidad lanz\u00f3 la convocatoria para sumar abogados al Registro de Abogados Externos para la Gesti\u00f3n de Recupero de Deudas. Hay tiempo hasta el 31 de octubre para postularse. La Municipalidad de San Pedro abri\u00f3 la convocatoria para la integraci\u00f3n del Registro de Abogados Externos para Gesti\u00f3n de Recupero de Deudas, con el objetivo de [&hellip;]<\/p>\n","protected":false},"author":4,"featured_media":135720,"comment_status":"closed","ping_status":"closed","sticky":false,"template":"","format":"standard","meta":{"om_disable_all_campaigns":false,"_jetpack_memberships_contains_paid_content":false,"footnotes":""},"categories":[101,2],"tags":[6984,6982,6983,3758,6981,6985],"class_list":["post-144630","post","type-post","status-publish","format-standard","has-post-thumbnail","hentry","category-interes-general-locales","category-locales","tag-cobro-municipal","tag-convocatoria-abogados","tag-gestion-de-deudas","tag-municipalidad-de-san-pedro","tag-registro-de-abogados-externos","tag-subsecretaria-legal-y-tecnica"],"aioseo_notices":[],"gutentor_comment":0,"jetpack_featured_media_url":"https:\/\/eldiariodesanpedro.com.ar\/sitio\/wp-content\/uploads\/2024\/12\/Palacio-Municipal.jpg","jetpack_shortlink":"https:\/\/wp.me\/p6RhLt-BCK","jetpack_sharing_enabled":true,"_links":{"self":[{"href":"https:\/\/eldiariodesanpedro.com.ar\/sitio\/wp-json\/wp\/v2\/posts\/144630","targetHints":{"allow":["GET"]}}],"collection":[{"href":"https:\/\/eldiariodesanpedro.com.ar\/sitio\/wp-json\/wp\/v2\/posts"}],"about":[{"href":"https:\/\/eldiariodesanpedro.com.ar\/sitio\/wp-json\/wp\/v2\/types\/post"}],"author":[{"embeddable":true,"href":"https:\/\/eldiariodesanpedro.com.ar\/sitio\/wp-json\/wp\/v2\/users\/4"}],"replies":[{"embeddable":true,"href":"https:\/\/eldiariodesanpedro.com.ar\/sitio\/wp-json\/wp\/v2\/comments?post=144630"}],"version-history":[{"count":1,"href":"https:\/\/eldiariodesanpedro.com.ar\/sitio\/wp-json\/wp\/v2\/posts\/144630\/revisions"}],"predecessor-version":[{"id":144631,"href":"https:\/\/eldiariodesanpedro.com.ar\/sitio\/wp-json\/wp\/v2\/posts\/144630\/revisions\/144631"}],"wp:featuredmedia":[{"embeddable":true,"href":"https:\/\/eldiariodesanpedro.com.ar\/sitio\/wp-json\/wp\/v2\/media\/135720"}],"wp:attachment":[{"href":"https:\/\/eldiariodesanpedro.com.ar\/sitio\/wp-json\/wp\/v2\/media?parent=144630"}],"wp:term":[{"taxonomy":"category","embeddable":true,"href":"https:\/\/eldiariodesanpedro.com.ar\/sitio\/wp-json\/wp\/v2\/categories?post=144630"},{"taxonomy":"post_tag","embeddable":true,"href":"https:\/\/eldiariodesanpedro.com.ar\/sitio\/wp-json\/wp\/v2\/tags?post=144630"}],"curies":[{"name":"wp","href":"https:\/\/api.w.org\/{rel}","templated":true}]}}