{"id":144624,"date":"2025-10-21T15:54:46","date_gmt":"2025-10-21T18:54:46","guid":{"rendered":"https:\/\/eldiariodesanpedro.com.ar\/sitio\/?p=144624"},"modified":"2025-10-21T15:54:50","modified_gmt":"2025-10-21T18:54:50","slug":"alerta-por-mordeduras-de-yararas-en-la-zona-costera-recomiendan-extremar-precauciones-con-las-mascotas","status":"publish","type":"post","link":"https:\/\/eldiariodesanpedro.com.ar\/sitio\/alerta-por-mordeduras-de-yararas-en-la-zona-costera-recomiendan-extremar-precauciones-con-las-mascotas\/","title":{"rendered":"Alerta por mordeduras de yarar\u00e1s en la zona costera: recomiendan extremar precauciones con las mascotas"},"content":{"rendered":"<!-- VideographyWP Plugin Message: Automatic video embedding prevented by plugin options. -->\n\n<p>Dos perros fueron mordidos por yarar\u00e1s en la zona costera. Desde Bromatolog\u00eda alertan sobre la presencia de serpientes y recomiendan precauciones.<\/p>\n\n\n\n<p>Durante el \u00faltimo fin de semana, <strong>dos perros sufrieron mordeduras de yarar\u00e1s en la zona costera de San Pedro<\/strong>, lo que encendi\u00f3 una nueva alerta sobre la presencia de serpientes venenosas y la importancia de adoptar <strong>medidas preventivas<\/strong>.<\/p>\n\n\n\n<p>El <strong>director de Bromatolog\u00eda, Saverio Guti\u00e9rrez<\/strong>, remarc\u00f3 la necesidad de la <strong>tenencia responsable de mascotas<\/strong> y del <strong>cuidado personal<\/strong> en sectores de riesgo. En declaraciones al programa <em>\u201cEquipo de Radio\u201d<\/em>, se\u00f1al\u00f3: <em>\u201cLas mascotas no tienen que estar sueltas, tienen que estar dentro del hogar. Si van a salir, deben hacerlo con correa\u201d<\/em>.<\/p>\n\n\n\n<p>En cuanto a las personas, Guti\u00e9rrez recomend\u00f3 <strong>evitar zonas con pasturas altas<\/strong>, <strong>no mover chapas ni troncos<\/strong> y <strong>no ingresar a lugares donde puedan esconderse ofidios<\/strong>, para reducir el riesgo de encuentros con yarar\u00e1s.<\/p>\n\n\n\n<p>El funcionario explic\u00f3 que, ante una mordedura, <strong>no se deben aplicar curaciones caseras ni automedicarse<\/strong>. <em>\u201cSi nos mordieron, lo m\u00e1s importante es no tomar decisiones propias. Las personas tienen que ir al hospital, donde determinar\u00e1n si corresponde aplicar el suero antiof\u00eddico\u201d<\/em>, indic\u00f3.<\/p>\n\n\n\n<p>Asimismo, llev\u00f3 tranquilidad al precisar que <strong>el envenenamiento es lento y permite una ventana de atenci\u00f3n de hasta 36 horas<\/strong>, tiempo suficiente para recibir asistencia m\u00e9dica adecuada.<\/p>\n\n\n\n<p>En el caso de las mascotas, Guti\u00e9rrez insisti\u00f3 en <strong>no administrar suero sin control veterinario<\/strong>, ya que un tratamiento incorrecto puede <strong>agravar la recuperaci\u00f3n<\/strong>. <em>\u201cHay gente que compra el suero y lo lleva, y no siempre es bueno. Una recuperaci\u00f3n de 72 horas puede extenderse hasta 25 d\u00edas\u201d<\/em>, advirti\u00f3.<\/p>\n\n\n\n<p>El mensaje final del profesional fue claro: <strong>acudir siempre a un profesional ante cualquier sospecha de mordedura<\/strong>, tanto en personas como en animales.<\/p>\n\n\n\n<p>#Yarar\u00e1 #SanPedro #Prevenci\u00f3n #SaludAnimal #Bromatolog\u00eda #Ofidios #Mascotas #Seguridad<\/p>\n\n\n\n<div class=\"wp-block-jetpack-slideshow aligncenter\" data-effect=\"slide\"><div class=\"wp-block-jetpack-slideshow_container swiper-container\"><ul class=\"wp-block-jetpack-slideshow_swiper-wrapper swiper-wrapper\"><li class=\"wp-block-jetpack-slideshow_slide swiper-slide\"><figure><img decoding=\"async\" width=\"354\" height=\"630\" alt=\"\" class=\"wp-block-jetpack-slideshow_image wp-image-144626 lazyload\" data-id=\"144626\" data-src=\"https:\/\/eldiariodesanpedro.com.ar\/sitio\/wp-content\/uploads\/2025\/10\/Imagen-de-WhatsApp-2025-10-04-a-las-17.11.12_997298a8.jpg\" data-srcset=\"https:\/\/eldiariodesanpedro.com.ar\/sitio\/wp-content\/uploads\/2025\/10\/Imagen-de-WhatsApp-2025-10-04-a-las-17.11.12_997298a8.jpg 354w, https:\/\/eldiariodesanpedro.com.ar\/sitio\/wp-content\/uploads\/2025\/10\/Imagen-de-WhatsApp-2025-10-04-a-las-17.11.12_997298a8-169x300.jpg 169w\" data-sizes=\"(max-width: 354px) 100vw, 354px\" src=\"data:image\/svg+xml;base64,PHN2ZyB3aWR0aD0iMSIgaGVpZ2h0PSIxIiB4bWxucz0iaHR0cDovL3d3dy53My5vcmcvMjAwMC9zdmciPjwvc3ZnPg==\" style=\"--smush-placeholder-width: 354px; --smush-placeholder-aspect-ratio: 354\/630;\" \/><\/figure><\/li><li class=\"wp-block-jetpack-slideshow_slide swiper-slide\"><figure><img decoding=\"async\" width=\"354\" height=\"630\" alt=\"\" class=\"wp-block-jetpack-slideshow_image wp-image-144628 lazyload\" data-id=\"144628\" data-src=\"https:\/\/eldiariodesanpedro.com.ar\/sitio\/wp-content\/uploads\/2025\/10\/Imagen-de-WhatsApp-2025-10-04-a-las-17.11.12_aadef816.jpg\" data-srcset=\"https:\/\/eldiariodesanpedro.com.ar\/sitio\/wp-content\/uploads\/2025\/10\/Imagen-de-WhatsApp-2025-10-04-a-las-17.11.12_aadef816.jpg 354w, https:\/\/eldiariodesanpedro.com.ar\/sitio\/wp-content\/uploads\/2025\/10\/Imagen-de-WhatsApp-2025-10-04-a-las-17.11.12_aadef816-169x300.jpg 169w\" data-sizes=\"(max-width: 354px) 100vw, 354px\" src=\"data:image\/svg+xml;base64,PHN2ZyB3aWR0aD0iMSIgaGVpZ2h0PSIxIiB4bWxucz0iaHR0cDovL3d3dy53My5vcmcvMjAwMC9zdmciPjwvc3ZnPg==\" style=\"--smush-placeholder-width: 354px; --smush-placeholder-aspect-ratio: 354\/630;\" \/><\/figure><\/li><li class=\"wp-block-jetpack-slideshow_slide swiper-slide\"><figure><img decoding=\"async\" width=\"354\" height=\"630\" alt=\"\" class=\"wp-block-jetpack-slideshow_image wp-image-144627 lazyload\" data-id=\"144627\" data-src=\"https:\/\/eldiariodesanpedro.com.ar\/sitio\/wp-content\/uploads\/2025\/10\/Imagen-de-WhatsApp-2025-10-04-a-las-17.11.22_c4dc8ec6.jpg\" data-srcset=\"https:\/\/eldiariodesanpedro.com.ar\/sitio\/wp-content\/uploads\/2025\/10\/Imagen-de-WhatsApp-2025-10-04-a-las-17.11.22_c4dc8ec6.jpg 354w, https:\/\/eldiariodesanpedro.com.ar\/sitio\/wp-content\/uploads\/2025\/10\/Imagen-de-WhatsApp-2025-10-04-a-las-17.11.22_c4dc8ec6-169x300.jpg 169w\" data-sizes=\"(max-width: 354px) 100vw, 354px\" src=\"data:image\/svg+xml;base64,PHN2ZyB3aWR0aD0iMSIgaGVpZ2h0PSIxIiB4bWxucz0iaHR0cDovL3d3dy53My5vcmcvMjAwMC9zdmciPjwvc3ZnPg==\" style=\"--smush-placeholder-width: 354px; --smush-placeholder-aspect-ratio: 354\/630;\" \/><\/figure><\/li><\/ul><a class=\"wp-block-jetpack-slideshow_button-prev swiper-button-prev swiper-button-white\" role=\"button\"><\/a><a class=\"wp-block-jetpack-slideshow_button-next swiper-button-next swiper-button-white\" role=\"button\"><\/a><a aria-label=\"Pause Slideshow\" class=\"wp-block-jetpack-slideshow_button-pause\" role=\"button\"><\/a><div class=\"wp-block-jetpack-slideshow_pagination swiper-pagination swiper-pagination-white\"><\/div><\/div><\/div>\n\n\n\n<p><br><\/p>\n","protected":false},"excerpt":{"rendered":"<p>Dos perros fueron mordidos por yarar\u00e1s en la zona costera. Desde Bromatolog\u00eda alertan sobre la presencia de serpientes y recomiendan precauciones. Durante el \u00faltimo fin de semana, dos perros sufrieron mordeduras de yarar\u00e1s en la zona costera de San Pedro, lo que encendi\u00f3 una nueva alerta sobre la presencia de serpientes venenosas y la importancia [&hellip;]<\/p>\n","protected":false},"author":4,"featured_media":144625,"comment_status":"closed","ping_status":"closed","sticky":false,"template":"","format":"standard","meta":{"om_disable_all_campaigns":false,"_jetpack_memberships_contains_paid_content":false,"footnotes":""},"categories":[50,101,2],"tags":[4177,634,3618,6978,3687,164,19,6979,6977,6980],"class_list":["post-144624","post","type-post","status-publish","format-standard","has-post-thumbnail","hentry","category-destacadas","category-interes-general-locales","category-locales","tag-bromatologia-2","tag-hospital","tag-mascotas","tag-mordeduras-de-yarara","tag-prevencion","tag-salud","tag-san-pedro","tag-saverio-gutierrez","tag-serpientes-venenosas","tag-suero-antiofidico"],"aioseo_notices":[],"gutentor_comment":0,"jetpack_featured_media_url":"https:\/\/eldiariodesanpedro.com.ar\/sitio\/wp-content\/uploads\/2025\/10\/medida-16.jpg","jetpack_shortlink":"https:\/\/wp.me\/p6RhLt-BCE","jetpack_sharing_enabled":true,"_links":{"self":[{"href":"https:\/\/eldiariodesanpedro.com.ar\/sitio\/wp-json\/wp\/v2\/posts\/144624","targetHints":{"allow":["GET"]}}],"collection":[{"href":"https:\/\/eldiariodesanpedro.com.ar\/sitio\/wp-json\/wp\/v2\/posts"}],"about":[{"href":"https:\/\/eldiariodesanpedro.com.ar\/sitio\/wp-json\/wp\/v2\/types\/post"}],"author":[{"embeddable":true,"href":"https:\/\/eldiariodesanpedro.com.ar\/sitio\/wp-json\/wp\/v2\/users\/4"}],"replies":[{"embeddable":true,"href":"https:\/\/eldiariodesanpedro.com.ar\/sitio\/wp-json\/wp\/v2\/comments?post=144624"}],"version-history":[{"count":1,"href":"https:\/\/eldiariodesanpedro.com.ar\/sitio\/wp-json\/wp\/v2\/posts\/144624\/revisions"}],"predecessor-version":[{"id":144629,"href":"https:\/\/eldiariodesanpedro.com.ar\/sitio\/wp-json\/wp\/v2\/posts\/144624\/revisions\/144629"}],"wp:featuredmedia":[{"embeddable":true,"href":"https:\/\/eldiariodesanpedro.com.ar\/sitio\/wp-json\/wp\/v2\/media\/144625"}],"wp:attachment":[{"href":"https:\/\/eldiariodesanpedro.com.ar\/sitio\/wp-json\/wp\/v2\/media?parent=144624"}],"wp:term":[{"taxonomy":"category","embeddable":true,"href":"https:\/\/eldiariodesanpedro.com.ar\/sitio\/wp-json\/wp\/v2\/categories?post=144624"},{"taxonomy":"post_tag","embeddable":true,"href":"https:\/\/eldiariodesanpedro.com.ar\/sitio\/wp-json\/wp\/v2\/tags?post=144624"}],"curies":[{"name":"wp","href":"https:\/\/api.w.org\/{rel}","templated":true}]}}